{"id":635,"date":"2017-03-28T13:16:26","date_gmt":"2017-03-28T12:16:26","guid":{"rendered":"http:\/\/www.esbb.pt\/web\/?p=635"},"modified":"2017-05-18T13:17:21","modified_gmt":"2017-05-18T12:17:21","slug":"curso-profissional-de-restauracao-e-bar-assegura-o-servico-de-catering-na-apresentacao-do-projeto-imagens-da-memoria","status":"publish","type":"post","link":"https:\/\/www.esbb.pt\/web\/2017\/03\/28\/curso-profissional-de-restauracao-e-bar-assegura-o-servico-de-catering-na-apresentacao-do-projeto-imagens-da-memoria\/","title":{"rendered":"Curso Profissional de Restaura\u00e7\u00e3o e Bar assegura o servi\u00e7o de catering na apresenta\u00e7\u00e3o do projeto \u201cImagens da Mem\u00f3ria\u201d"},"content":{"rendered":"<p><a href=\"http:\/\/www.esbb.pt\/web\/wp-content\/uploads\/2017\/05\/img58da8ff04abb1.jpg\"><img loading=\"lazy\" decoding=\"async\" class=\"alignnone size-full wp-image-636\" src=\"http:\/\/www.esbb.pt\/web\/wp-content\/uploads\/2017\/05\/img58da8ff04abb1.jpg\" alt=\"\" width=\"230\" height=\"150\" \/><\/a><\/p>\n<p>Por convite da C\u00e2mara Municipal da Moita, os nossos alunos do Curso Profissional de Restaura\u00e7\u00e3o e Bar asseguraram, no dia 18 de mar\u00e7o, o servi\u00e7o de catering no Moinho de Mar\u00e9 em Alhos Vedros durante a apresenta\u00e7\u00e3o do projeto \u201cImagens da Mem\u00f3ria\u201d &#8211; antiga f\u00e1brica Guston &#8211; e a inaugura\u00e7\u00e3o da exposi\u00e7\u00e3o \u201cAs Mulheres e o Trabalho: a ind\u00fastria de vestu\u00e1rio no concelho da Moita\u201d.<\/p>\n<p><img decoding=\"async\" src=\"http:\/\/esbb.pt\/modules\/news\/images\/ESBB_Restauracao_Imagens_da_Memoria_02.jpg\" \/><\/p>\n","protected":false},"excerpt":{"rendered":"<p>Por convite da C\u00e2mara Municipal da Moita, os nossos alunos do Curso Profissional de Restaura\u00e7\u00e3o e Bar asseguraram, no dia 18 de mar\u00e7o, o servi\u00e7o de catering no Moinho de Mar\u00e9 em Alhos Vedros durante a apresenta\u00e7\u00e3o do projeto \u201cImagens da Mem\u00f3ria\u201d &#8211; antiga f\u00e1brica Guston &#8211; e a inaugura\u00e7\u00e3o da exposi\u00e7\u00e3o \u201cAs Mulheres e &#8230; <a title=\"Curso Profissional de Restaura\u00e7\u00e3o e Bar assegura o servi\u00e7o de catering na apresenta\u00e7\u00e3o do projeto \u201cImagens da Mem\u00f3ria\u201d\" class=\"read-more\" href=\"https:\/\/www.esbb.pt\/web\/2017\/03\/28\/curso-profissional-de-restauracao-e-bar-assegura-o-servico-de-catering-na-apresentacao-do-projeto-imagens-da-memoria\/\" aria-label=\"Leia mais sobre Curso Profissional de Restaura\u00e7\u00e3o e Bar assegura o servi\u00e7o de catering na apresenta\u00e7\u00e3o do projeto \u201cImagens da Mem\u00f3ria\u201d\">Ler mais<\/a><\/p>\n","protected":false},"author":1,"featured_media":0,"comment_status":"closed","ping_status":"open","sticky":false,"template":"","format":"standard","meta":{"footnotes":""},"categories":[1],"tags":[],"class_list":["post-635","post","type-post","status-publish","format-standard","hentry","category-geral"],"_links":{"self":[{"href":"https:\/\/www.esbb.pt\/web\/wp-json\/wp\/v2\/posts\/635","targetHints":{"allow":["GET"]}}],"collection":[{"href":"https:\/\/www.esbb.pt\/web\/wp-json\/wp\/v2\/posts"}],"about":[{"href":"https:\/\/www.esbb.pt\/web\/wp-json\/wp\/v2\/types\/post"}],"author":[{"embeddable":true,"href":"https:\/\/www.esbb.pt\/web\/wp-json\/wp\/v2\/users\/1"}],"replies":[{"embeddable":true,"href":"https:\/\/www.esbb.pt\/web\/wp-json\/wp\/v2\/comments?post=635"}],"version-history":[{"count":1,"href":"https:\/\/www.esbb.pt\/web\/wp-json\/wp\/v2\/posts\/635\/revisions"}],"predecessor-version":[{"id":637,"href":"https:\/\/www.esbb.pt\/web\/wp-json\/wp\/v2\/posts\/635\/revisions\/637"}],"wp:attachment":[{"href":"https:\/\/www.esbb.pt\/web\/wp-json\/wp\/v2\/media?parent=635"}],"wp:term":[{"taxonomy":"category","embeddable":true,"href":"https:\/\/www.esbb.pt\/web\/wp-json\/wp\/v2\/categories?post=635"},{"taxonomy":"post_tag","embeddable":true,"href":"https:\/\/www.esbb.pt\/web\/wp-json\/wp\/v2\/tags?post=635"}],"curies":[{"name":"wp","href":"https:\/\/api.w.org\/{rel}","templated":true}]}}