{"id":625,"date":"2017-03-22T13:13:43","date_gmt":"2017-03-22T13:13:43","guid":{"rendered":"http:\/\/www.esbb.pt\/web\/?p=625"},"modified":"2017-05-18T13:14:24","modified_gmt":"2017-05-18T12:14:24","slug":"24-a-27-de-fevereiro-de-2017-visita-de-estudo-ao-porto-dos-alunos-do-curso-profissional-de-turismo-e-do-curso-profissional-de-restauracao-e-bar","status":"publish","type":"post","link":"https:\/\/www.esbb.pt\/web\/2017\/03\/22\/24-a-27-de-fevereiro-de-2017-visita-de-estudo-ao-porto-dos-alunos-do-curso-profissional-de-turismo-e-do-curso-profissional-de-restauracao-e-bar\/","title":{"rendered":"24 a 27 de fevereiro de 2017 &#8211; visita de Estudo ao Porto dos alunos do Curso Profissional de Turismo e do Curso Profissional de Restaura\u00e7\u00e3o e Bar"},"content":{"rendered":"<p><a href=\"http:\/\/www.esbb.pt\/web\/wp-content\/uploads\/2017\/05\/img58d258ac7f354.jpg\"><img loading=\"lazy\" decoding=\"async\" class=\"alignnone size-full wp-image-626\" src=\"http:\/\/www.esbb.pt\/web\/wp-content\/uploads\/2017\/05\/img58d258ac7f354.jpg\" alt=\"\" width=\"230\" height=\"150\" \/><\/a><\/p>\n<p>A visita \u00e0 cidade do Porto teve como objetivo primordial proporcionar aos alunos a experi\u00eancia de visitar e experimentar um conjunto de equipamentos e de op\u00e7\u00f5es tur\u00edsticas oferecidas n\u00e3o s\u00f3 ao p\u00fablico estrangeiro, mas tamb\u00e9m a portugueses.<\/p>\n<p>O facto de Portugal estar na &#8220;moda&#8221; tem vindo a causar um aumento do n\u00famero de turistas que v\u00eam aproveitar tanto a seguran\u00e7a que o nosso pa\u00eds oferece como tamb\u00e9m a grande diversidade de op\u00e7\u00f5es de lazer na cidade que foi visitada.<\/p>\n<p><img decoding=\"async\" src=\"http:\/\/esbb.pt\/modules\/news\/images\/ESBB_Visita_Estudo_Porto_02.jpg\" \/><\/p>\n","protected":false},"excerpt":{"rendered":"<p>A visita \u00e0 cidade do Porto teve como objetivo primordial proporcionar aos alunos a experi\u00eancia de visitar e experimentar um conjunto de equipamentos e de op\u00e7\u00f5es tur\u00edsticas oferecidas n\u00e3o s\u00f3 ao p\u00fablico estrangeiro, mas tamb\u00e9m a portugueses. O facto de Portugal estar na &#8220;moda&#8221; tem vindo a causar um aumento do n\u00famero de turistas que &#8230; <a title=\"24 a 27 de fevereiro de 2017 &#8211; visita de Estudo ao Porto dos alunos do Curso Profissional de Turismo e do Curso Profissional de Restaura\u00e7\u00e3o e Bar\" class=\"read-more\" href=\"https:\/\/www.esbb.pt\/web\/2017\/03\/22\/24-a-27-de-fevereiro-de-2017-visita-de-estudo-ao-porto-dos-alunos-do-curso-profissional-de-turismo-e-do-curso-profissional-de-restauracao-e-bar\/\" aria-label=\"Leia mais sobre 24 a 27 de fevereiro de 2017 &#8211; visita de Estudo ao Porto dos alunos do Curso Profissional de Turismo e do Curso Profissional de Restaura\u00e7\u00e3o e Bar\">Ler mais<\/a><\/p>\n","protected":false},"author":1,"featured_media":0,"comment_status":"closed","ping_status":"open","sticky":false,"template":"","format":"standard","meta":{"footnotes":""},"categories":[1],"tags":[],"class_list":["post-625","post","type-post","status-publish","format-standard","hentry","category-geral"],"_links":{"self":[{"href":"https:\/\/www.esbb.pt\/web\/wp-json\/wp\/v2\/posts\/625","targetHints":{"allow":["GET"]}}],"collection":[{"href":"https:\/\/www.esbb.pt\/web\/wp-json\/wp\/v2\/posts"}],"about":[{"href":"https:\/\/www.esbb.pt\/web\/wp-json\/wp\/v2\/types\/post"}],"author":[{"embeddable":true,"href":"https:\/\/www.esbb.pt\/web\/wp-json\/wp\/v2\/users\/1"}],"replies":[{"embeddable":true,"href":"https:\/\/www.esbb.pt\/web\/wp-json\/wp\/v2\/comments?post=625"}],"version-history":[{"count":1,"href":"https:\/\/www.esbb.pt\/web\/wp-json\/wp\/v2\/posts\/625\/revisions"}],"predecessor-version":[{"id":627,"href":"https:\/\/www.esbb.pt\/web\/wp-json\/wp\/v2\/posts\/625\/revisions\/627"}],"wp:attachment":[{"href":"https:\/\/www.esbb.pt\/web\/wp-json\/wp\/v2\/media?parent=625"}],"wp:term":[{"taxonomy":"category","embeddable":true,"href":"https:\/\/www.esbb.pt\/web\/wp-json\/wp\/v2\/categories?post=625"},{"taxonomy":"post_tag","embeddable":true,"href":"https:\/\/www.esbb.pt\/web\/wp-json\/wp\/v2\/tags?post=625"}],"curies":[{"name":"wp","href":"https:\/\/api.w.org\/{rel}","templated":true}]}}