{"id":619,"date":"2017-02-21T13:11:41","date_gmt":"2017-02-21T13:11:41","guid":{"rendered":"http:\/\/www.esbb.pt\/web\/?p=619"},"modified":"2017-05-18T13:12:20","modified_gmt":"2017-05-18T12:12:20","slug":"a-flor-do-afetos","status":"publish","type":"post","link":"https:\/\/www.esbb.pt\/web\/2017\/02\/21\/a-flor-do-afetos\/","title":{"rendered":"A Flor do Afetos"},"content":{"rendered":"<p><a href=\"http:\/\/www.esbb.pt\/web\/wp-content\/uploads\/2017\/05\/img58ac824437a89.jpg\"><img loading=\"lazy\" decoding=\"async\" class=\"alignnone size-full wp-image-620\" src=\"http:\/\/www.esbb.pt\/web\/wp-content\/uploads\/2017\/05\/img58ac824437a89.jpg\" alt=\"\" width=\"230\" height=\"134\" \/><\/a><\/p>\n<p>A flor dos afetos teve in\u00edcio na nossa escola no dia 14 de fevereiro, indo-se prolongar at\u00e9 \u00e0 primavera.<\/p>\n<p>Alegria e criatividade foi o mote para que a felicidade envolvesse a comunidade escolar noturna, dando-lhe brilho e cor.<\/p>\n<p><img decoding=\"async\" src=\"http:\/\/esbb.pt\/modules\/news\/images\/esbb_flor_dos_afetos_02.jpg\" \/><\/p>\n","protected":false},"excerpt":{"rendered":"<p>A flor dos afetos teve in\u00edcio na nossa escola no dia 14 de fevereiro, indo-se prolongar at\u00e9 \u00e0 primavera. Alegria e criatividade foi o mote para que a felicidade envolvesse a comunidade escolar noturna, dando-lhe brilho e cor.<\/p>\n","protected":false},"author":1,"featured_media":0,"comment_status":"closed","ping_status":"open","sticky":false,"template":"","format":"standard","meta":{"footnotes":""},"categories":[1],"tags":[],"class_list":["post-619","post","type-post","status-publish","format-standard","hentry","category-geral"],"_links":{"self":[{"href":"https:\/\/www.esbb.pt\/web\/wp-json\/wp\/v2\/posts\/619","targetHints":{"allow":["GET"]}}],"collection":[{"href":"https:\/\/www.esbb.pt\/web\/wp-json\/wp\/v2\/posts"}],"about":[{"href":"https:\/\/www.esbb.pt\/web\/wp-json\/wp\/v2\/types\/post"}],"author":[{"embeddable":true,"href":"https:\/\/www.esbb.pt\/web\/wp-json\/wp\/v2\/users\/1"}],"replies":[{"embeddable":true,"href":"https:\/\/www.esbb.pt\/web\/wp-json\/wp\/v2\/comments?post=619"}],"version-history":[{"count":1,"href":"https:\/\/www.esbb.pt\/web\/wp-json\/wp\/v2\/posts\/619\/revisions"}],"predecessor-version":[{"id":621,"href":"https:\/\/www.esbb.pt\/web\/wp-json\/wp\/v2\/posts\/619\/revisions\/621"}],"wp:attachment":[{"href":"https:\/\/www.esbb.pt\/web\/wp-json\/wp\/v2\/media?parent=619"}],"wp:term":[{"taxonomy":"category","embeddable":true,"href":"https:\/\/www.esbb.pt\/web\/wp-json\/wp\/v2\/categories?post=619"},{"taxonomy":"post_tag","embeddable":true,"href":"https:\/\/www.esbb.pt\/web\/wp-json\/wp\/v2\/tags?post=619"}],"curies":[{"name":"wp","href":"https:\/\/api.w.org\/{rel}","templated":true}]}}