{"id":616,"date":"2017-02-21T13:10:33","date_gmt":"2017-02-21T13:10:33","guid":{"rendered":"http:\/\/www.esbb.pt\/web\/?p=616"},"modified":"2017-05-18T13:11:26","modified_gmt":"2017-05-18T12:11:26","slug":"certificacao-dos-formandos-ano-letivo-20162017","status":"publish","type":"post","link":"https:\/\/www.esbb.pt\/web\/2017\/02\/21\/certificacao-dos-formandos-ano-letivo-20162017\/","title":{"rendered":"Certifica\u00e7\u00e3o dos Formandos &#8211; ano letivo 2016\/2017"},"content":{"rendered":"<p><a href=\"http:\/\/www.esbb.pt\/web\/wp-content\/uploads\/2017\/05\/img58ac809a35e3f.png\"><img loading=\"lazy\" decoding=\"async\" class=\"alignnone size-full wp-image-617\" src=\"http:\/\/www.esbb.pt\/web\/wp-content\/uploads\/2017\/05\/img58ac809a35e3f.png\" alt=\"\" width=\"230\" height=\"151\" \/><\/a><\/p>\n<p>Estes foram os quatro primeiros certificados do ano letivo 2016\/2017. Com a alegria estampada no rosto, conseguiram alcan\u00e7ar aquilo que h\u00e1 muito ambicionavam, concluir o seu ciclo de estudos Secund\u00e1rio, obtendo assim o 12.\u00ba ano.<\/p>\n<p>Segundo os mesmos, este processo de forma\u00e7\u00e3o, Curso de Educa\u00e7\u00e3o e Forma\u00e7\u00e3o de Adultos, (EFA) foi uma surpresa, tendo sido iniciado com grande expetativa, aumentou-lhes a autoestima podendo-se concluir que recordar \u00e9 viver.<\/p>\n<p>E n\u00e3o se querem ir embora sem deixar um apelo a todos aqueles que t\u00eam a Matem\u00e1tica, a Geometria Descritiva, o Portugu\u00eas ou uma outra disciplina qualquer por fazer, apostem neste processo formativo, onde o rigor e a exig\u00eancia s\u00e3o uma constante, mas vale a pena, \u00e9 uma outra forma de descobrir as nossas compet\u00eancias.<\/p>\n<p>Obrigado a toda a equipa formativa.<\/p>\n<p><img decoding=\"async\" src=\"http:\/\/esbb.pt\/modules\/news\/images\/ESBB_Certificacao_Formandos.png\" \/><\/p>\n","protected":false},"excerpt":{"rendered":"<p>Estes foram os quatro primeiros certificados do ano letivo 2016\/2017. Com a alegria estampada no rosto, conseguiram alcan\u00e7ar aquilo que h\u00e1 muito ambicionavam, concluir o seu ciclo de estudos Secund\u00e1rio, obtendo assim o 12.\u00ba ano. Segundo os mesmos, este processo de forma\u00e7\u00e3o, Curso de Educa\u00e7\u00e3o e Forma\u00e7\u00e3o de Adultos, (EFA) foi uma surpresa, tendo sido &#8230; <a title=\"Certifica\u00e7\u00e3o dos Formandos &#8211; ano letivo 2016\/2017\" class=\"read-more\" href=\"https:\/\/www.esbb.pt\/web\/2017\/02\/21\/certificacao-dos-formandos-ano-letivo-20162017\/\" aria-label=\"Leia mais sobre Certifica\u00e7\u00e3o dos Formandos &#8211; ano letivo 2016\/2017\">Ler mais<\/a><\/p>\n","protected":false},"author":1,"featured_media":0,"comment_status":"closed","ping_status":"open","sticky":false,"template":"","format":"standard","meta":{"footnotes":""},"categories":[1],"tags":[],"class_list":["post-616","post","type-post","status-publish","format-standard","hentry","category-geral"],"_links":{"self":[{"href":"https:\/\/www.esbb.pt\/web\/wp-json\/wp\/v2\/posts\/616","targetHints":{"allow":["GET"]}}],"collection":[{"href":"https:\/\/www.esbb.pt\/web\/wp-json\/wp\/v2\/posts"}],"about":[{"href":"https:\/\/www.esbb.pt\/web\/wp-json\/wp\/v2\/types\/post"}],"author":[{"embeddable":true,"href":"https:\/\/www.esbb.pt\/web\/wp-json\/wp\/v2\/users\/1"}],"replies":[{"embeddable":true,"href":"https:\/\/www.esbb.pt\/web\/wp-json\/wp\/v2\/comments?post=616"}],"version-history":[{"count":1,"href":"https:\/\/www.esbb.pt\/web\/wp-json\/wp\/v2\/posts\/616\/revisions"}],"predecessor-version":[{"id":618,"href":"https:\/\/www.esbb.pt\/web\/wp-json\/wp\/v2\/posts\/616\/revisions\/618"}],"wp:attachment":[{"href":"https:\/\/www.esbb.pt\/web\/wp-json\/wp\/v2\/media?parent=616"}],"wp:term":[{"taxonomy":"category","embeddable":true,"href":"https:\/\/www.esbb.pt\/web\/wp-json\/wp\/v2\/categories?post=616"},{"taxonomy":"post_tag","embeddable":true,"href":"https:\/\/www.esbb.pt\/web\/wp-json\/wp\/v2\/tags?post=616"}],"curies":[{"name":"wp","href":"https:\/\/api.w.org\/{rel}","templated":true}]}}