{"id":606,"date":"2016-10-03T13:01:46","date_gmt":"2016-10-03T12:01:46","guid":{"rendered":"http:\/\/www.esbb.pt\/web\/?p=606"},"modified":"2017-05-18T13:02:30","modified_gmt":"2017-05-18T12:02:30","slug":"a-esbb-recebe-bandeira-verde","status":"publish","type":"post","link":"https:\/\/www.esbb.pt\/web\/2016\/10\/03\/a-esbb-recebe-bandeira-verde\/","title":{"rendered":"A ESBB recebe Bandeira Verde"},"content":{"rendered":"<p><a href=\"http:\/\/www.esbb.pt\/web\/wp-content\/uploads\/2017\/05\/img57f29f2d24f5b.jpg\"><img loading=\"lazy\" decoding=\"async\" class=\"alignnone size-full wp-image-607\" src=\"http:\/\/www.esbb.pt\/web\/wp-content\/uploads\/2017\/05\/img57f29f2d24f5b.jpg\" alt=\"\" width=\"230\" height=\"150\" \/><\/a><\/p>\n<p>Momento de rece\u00e7\u00e3o do Galard\u00e3o<\/p>\n<p>Bandeira Verde e respetiva comemora\u00e7\u00e3o dos elementos presentes, em representa\u00e7\u00e3o da Nossa Escola: Os alunos, Patricia Alexandra Calambo dos Santos, 10.\u00ba EACH, Miguel Alexander Coelho, Voc. 2 e as docentes, Maria da Concei\u00e7\u00e3o Cola\u00e7o, Zilia Guerra, Ivone Matos, e a Eng\u00aa Eduarda Gomes (Representante da Divis\u00e3o do Ambiente do munic\u00edpio).<\/p>\n<p><img decoding=\"async\" src=\"http:\/\/esbb.pt\/modules\/news\/images\/ESBB_Bandeira_Verde_02.jpg\" \/><\/p>\n","protected":false},"excerpt":{"rendered":"<p>Momento de rece\u00e7\u00e3o do Galard\u00e3o Bandeira Verde e respetiva comemora\u00e7\u00e3o dos elementos presentes, em representa\u00e7\u00e3o da Nossa Escola: Os alunos, Patricia Alexandra Calambo dos Santos, 10.\u00ba EACH, Miguel Alexander Coelho, Voc. 2 e as docentes, Maria da Concei\u00e7\u00e3o Cola\u00e7o, Zilia Guerra, Ivone Matos, e a Eng\u00aa Eduarda Gomes (Representante da Divis\u00e3o do Ambiente do munic\u00edpio).<\/p>\n","protected":false},"author":1,"featured_media":0,"comment_status":"closed","ping_status":"open","sticky":false,"template":"","format":"standard","meta":{"footnotes":""},"categories":[1],"tags":[],"class_list":["post-606","post","type-post","status-publish","format-standard","hentry","category-geral"],"_links":{"self":[{"href":"https:\/\/www.esbb.pt\/web\/wp-json\/wp\/v2\/posts\/606","targetHints":{"allow":["GET"]}}],"collection":[{"href":"https:\/\/www.esbb.pt\/web\/wp-json\/wp\/v2\/posts"}],"about":[{"href":"https:\/\/www.esbb.pt\/web\/wp-json\/wp\/v2\/types\/post"}],"author":[{"embeddable":true,"href":"https:\/\/www.esbb.pt\/web\/wp-json\/wp\/v2\/users\/1"}],"replies":[{"embeddable":true,"href":"https:\/\/www.esbb.pt\/web\/wp-json\/wp\/v2\/comments?post=606"}],"version-history":[{"count":1,"href":"https:\/\/www.esbb.pt\/web\/wp-json\/wp\/v2\/posts\/606\/revisions"}],"predecessor-version":[{"id":608,"href":"https:\/\/www.esbb.pt\/web\/wp-json\/wp\/v2\/posts\/606\/revisions\/608"}],"wp:attachment":[{"href":"https:\/\/www.esbb.pt\/web\/wp-json\/wp\/v2\/media?parent=606"}],"wp:term":[{"taxonomy":"category","embeddable":true,"href":"https:\/\/www.esbb.pt\/web\/wp-json\/wp\/v2\/categories?post=606"},{"taxonomy":"post_tag","embeddable":true,"href":"https:\/\/www.esbb.pt\/web\/wp-json\/wp\/v2\/tags?post=606"}],"curies":[{"name":"wp","href":"https:\/\/api.w.org\/{rel}","templated":true}]}}