{"id":593,"date":"2016-05-24T12:55:49","date_gmt":"2016-05-24T11:55:49","guid":{"rendered":"http:\/\/www.esbb.pt\/web\/?p=593"},"modified":"2017-05-18T12:56:45","modified_gmt":"2017-05-18T11:56:45","slug":"concurso-de-talentos","status":"publish","type":"post","link":"https:\/\/www.esbb.pt\/web\/2016\/05\/24\/concurso-de-talentos\/","title":{"rendered":"CONCURSO DE TALENTOS"},"content":{"rendered":"<p><a href=\"http:\/\/www.esbb.pt\/web\/wp-content\/uploads\/2017\/05\/img57443f6ed9792.gif\"><img loading=\"lazy\" decoding=\"async\" class=\"alignnone size-full wp-image-594\" src=\"http:\/\/www.esbb.pt\/web\/wp-content\/uploads\/2017\/05\/img57443f6ed9792.gif\" alt=\"\" width=\"230\" height=\"186\" \/><\/a><\/p>\n<p>No \u00e2mbito do Juventude Fest BxBVA, a Associa\u00e7\u00e3o de Estudantes promove, no dia 3 de junho, \u00e0 tarde, na Escola Secund\u00e1ria da Baixa da Banheira, um CONCURSO DE TALENTOS, aberto a todos os jovens com idade igual ou inferior a 21 anos, nas categorias de dramatiza\u00e7\u00e3o, magia, m\u00fasica vocal, m\u00fasica instrumental e dan\u00e7a.<\/p>\n<p>Vem mostrar o teu talento e habilita-te a um dos pr\u00e9mios que temos para te oferecer!<\/p>\n<p>Para mais informa\u00e7\u00f5es consulta o Regulamento aqui, preenche a ficha de inscri\u00e7\u00e3o, aqui dispon\u00edvel e entrega-a no PBX da Escola Secund\u00e1ria da Baixa da Banheira ou envia-a para o e-mail juventudefestbxbva@gmail.com.<\/p>\n<p>DATA LIMITE PARA ENVIO DAS INSCRI\u00c7\u00d5ES &#8211; 27 DE MAIO<\/p>\n<p><img decoding=\"async\" src=\"http:\/\/esbb.pt\/modules\/news\/images\/ESBB_Juventude_Fest_BXBVA_02.gif\" \/><\/p>\n","protected":false},"excerpt":{"rendered":"<p>No \u00e2mbito do Juventude Fest BxBVA, a Associa\u00e7\u00e3o de Estudantes promove, no dia 3 de junho, \u00e0 tarde, na Escola Secund\u00e1ria da Baixa da Banheira, um CONCURSO DE TALENTOS, aberto a todos os jovens com idade igual ou inferior a 21 anos, nas categorias de dramatiza\u00e7\u00e3o, magia, m\u00fasica vocal, m\u00fasica instrumental e dan\u00e7a. Vem mostrar &#8230; <a title=\"CONCURSO DE TALENTOS\" class=\"read-more\" href=\"https:\/\/www.esbb.pt\/web\/2016\/05\/24\/concurso-de-talentos\/\" aria-label=\"Leia mais sobre CONCURSO DE TALENTOS\">Ler mais<\/a><\/p>\n","protected":false},"author":1,"featured_media":0,"comment_status":"closed","ping_status":"open","sticky":false,"template":"","format":"standard","meta":{"footnotes":""},"categories":[1],"tags":[],"class_list":["post-593","post","type-post","status-publish","format-standard","hentry","category-geral"],"_links":{"self":[{"href":"https:\/\/www.esbb.pt\/web\/wp-json\/wp\/v2\/posts\/593","targetHints":{"allow":["GET"]}}],"collection":[{"href":"https:\/\/www.esbb.pt\/web\/wp-json\/wp\/v2\/posts"}],"about":[{"href":"https:\/\/www.esbb.pt\/web\/wp-json\/wp\/v2\/types\/post"}],"author":[{"embeddable":true,"href":"https:\/\/www.esbb.pt\/web\/wp-json\/wp\/v2\/users\/1"}],"replies":[{"embeddable":true,"href":"https:\/\/www.esbb.pt\/web\/wp-json\/wp\/v2\/comments?post=593"}],"version-history":[{"count":1,"href":"https:\/\/www.esbb.pt\/web\/wp-json\/wp\/v2\/posts\/593\/revisions"}],"predecessor-version":[{"id":595,"href":"https:\/\/www.esbb.pt\/web\/wp-json\/wp\/v2\/posts\/593\/revisions\/595"}],"wp:attachment":[{"href":"https:\/\/www.esbb.pt\/web\/wp-json\/wp\/v2\/media?parent=593"}],"wp:term":[{"taxonomy":"category","embeddable":true,"href":"https:\/\/www.esbb.pt\/web\/wp-json\/wp\/v2\/categories?post=593"},{"taxonomy":"post_tag","embeddable":true,"href":"https:\/\/www.esbb.pt\/web\/wp-json\/wp\/v2\/tags?post=593"}],"curies":[{"name":"wp","href":"https:\/\/api.w.org\/{rel}","templated":true}]}}