{"id":548,"date":"2016-01-22T12:36:02","date_gmt":"2016-01-22T12:36:02","guid":{"rendered":"http:\/\/www.esbb.pt\/web\/?p=548"},"modified":"2017-05-18T12:36:48","modified_gmt":"2017-05-18T11:36:48","slug":"projeto-sobe-hora-do-conto-as-mil-cores-do-sorriso-da-maria-toca-a-cuidar-dos-dentinhos","status":"publish","type":"post","link":"https:\/\/www.esbb.pt\/web\/2016\/01\/22\/projeto-sobe-hora-do-conto-as-mil-cores-do-sorriso-da-maria-toca-a-cuidar-dos-dentinhos\/","title":{"rendered":"Projeto SOBE &#8211; Hora do Conto \u2013 \u201cAs mil cores do sorriso da Maria\u201d -Toca a cuidar dos dentinhos!"},"content":{"rendered":"<p><a href=\"http:\/\/www.esbb.pt\/web\/wp-content\/uploads\/2017\/05\/img56a2690dbbd91.jpg\"><img loading=\"lazy\" decoding=\"async\" class=\"alignnone size-full wp-image-549\" src=\"http:\/\/www.esbb.pt\/web\/wp-content\/uploads\/2017\/05\/img56a2690dbbd91.jpg\" alt=\"\" width=\"230\" height=\"150\" \/><\/a><\/p>\n<p>As alunas do 12\u00baC do curso Profissional de Apoio \u00e0 Inf\u00e2ncia e os seus professores, em articula\u00e7\u00e3o curricular com a Biblioteca Escolar, realizaram uma Hora do Conto sobre a import\u00e2ncia da alimenta\u00e7\u00e3o e de uma boa higiene e cuidado dos dentes.<\/p>\n<p>Os convidados foram os nossos amiguinhos do ensino pr\u00e9-escolar do Infant\u00e1rio do Vale. Uma manh\u00e3 bem passada!<\/p>\n<p><img decoding=\"async\" src=\"http:\/\/esbb.pt\/modules\/news\/images\/ESBB_Hora_Conto_02.jpg\" \/><\/p>\n","protected":false},"excerpt":{"rendered":"<p>As alunas do 12\u00baC do curso Profissional de Apoio \u00e0 Inf\u00e2ncia e os seus professores, em articula\u00e7\u00e3o curricular com a Biblioteca Escolar, realizaram uma Hora do Conto sobre a import\u00e2ncia da alimenta\u00e7\u00e3o e de uma boa higiene e cuidado dos dentes. Os convidados foram os nossos amiguinhos do ensino pr\u00e9-escolar do Infant\u00e1rio do Vale. Uma &#8230; <a title=\"Projeto SOBE &#8211; Hora do Conto \u2013 \u201cAs mil cores do sorriso da Maria\u201d -Toca a cuidar dos dentinhos!\" class=\"read-more\" href=\"https:\/\/www.esbb.pt\/web\/2016\/01\/22\/projeto-sobe-hora-do-conto-as-mil-cores-do-sorriso-da-maria-toca-a-cuidar-dos-dentinhos\/\" aria-label=\"Leia mais sobre Projeto SOBE &#8211; Hora do Conto \u2013 \u201cAs mil cores do sorriso da Maria\u201d -Toca a cuidar dos dentinhos!\">Ler mais<\/a><\/p>\n","protected":false},"author":1,"featured_media":0,"comment_status":"closed","ping_status":"open","sticky":false,"template":"","format":"standard","meta":{"footnotes":""},"categories":[1],"tags":[],"class_list":["post-548","post","type-post","status-publish","format-standard","hentry","category-geral"],"_links":{"self":[{"href":"https:\/\/www.esbb.pt\/web\/wp-json\/wp\/v2\/posts\/548","targetHints":{"allow":["GET"]}}],"collection":[{"href":"https:\/\/www.esbb.pt\/web\/wp-json\/wp\/v2\/posts"}],"about":[{"href":"https:\/\/www.esbb.pt\/web\/wp-json\/wp\/v2\/types\/post"}],"author":[{"embeddable":true,"href":"https:\/\/www.esbb.pt\/web\/wp-json\/wp\/v2\/users\/1"}],"replies":[{"embeddable":true,"href":"https:\/\/www.esbb.pt\/web\/wp-json\/wp\/v2\/comments?post=548"}],"version-history":[{"count":1,"href":"https:\/\/www.esbb.pt\/web\/wp-json\/wp\/v2\/posts\/548\/revisions"}],"predecessor-version":[{"id":550,"href":"https:\/\/www.esbb.pt\/web\/wp-json\/wp\/v2\/posts\/548\/revisions\/550"}],"wp:attachment":[{"href":"https:\/\/www.esbb.pt\/web\/wp-json\/wp\/v2\/media?parent=548"}],"wp:term":[{"taxonomy":"category","embeddable":true,"href":"https:\/\/www.esbb.pt\/web\/wp-json\/wp\/v2\/categories?post=548"},{"taxonomy":"post_tag","embeddable":true,"href":"https:\/\/www.esbb.pt\/web\/wp-json\/wp\/v2\/tags?post=548"}],"curies":[{"name":"wp","href":"https:\/\/api.w.org\/{rel}","templated":true}]}}