{"id":546,"date":"2016-01-20T12:34:54","date_gmt":"2016-01-20T12:34:54","guid":{"rendered":"http:\/\/www.esbb.pt\/web\/?p=546"},"modified":"2017-05-18T12:35:40","modified_gmt":"2017-05-18T11:35:40","slug":"grupo-de-danca-da-esbb-cerimonia-dos-meritos-desportivos","status":"publish","type":"post","link":"https:\/\/www.esbb.pt\/web\/2016\/01\/20\/grupo-de-danca-da-esbb-cerimonia-dos-meritos-desportivos\/","title":{"rendered":"Grupo de dan\u00e7a da ESBB &#8211; Cerim\u00f3nia dos M\u00e9ritos Desportivos"},"content":{"rendered":"<p><a href=\"http:\/\/www.esbb.pt\/web\/wp-content\/uploads\/2017\/05\/img566ecd0976733.jpg\"><img loading=\"lazy\" decoding=\"async\" class=\"alignnone size-full wp-image-517\" src=\"http:\/\/www.esbb.pt\/web\/wp-content\/uploads\/2017\/05\/img566ecd0976733.jpg\" alt=\"\" width=\"230\" height=\"87\" \/><\/a><\/p>\n<p>O grupo de dan\u00e7a da Escola Secund\u00e1ria da Baixa da Banheira foi convidado da abertura da 2\u00aa parte da Cerim\u00f3nia dos M\u00e9ritos Desportivos prevista por volta das 22h30.<\/p>\n<p>Cerim\u00f3nia dos M\u00e9ritos Desportivos que realizar-se-\u00e1 no dia 30 de Janeiro (s\u00e1bado) pelas 21h00 no F\u00f3rum Cultural Jos\u00e9 Manuel Figueiredo.<\/p>\n<p>Esta cerim\u00f3nia tem como finalidade agraciar os atletas do nosso concelho que obtiveram os resultados mais relevantes em campeonatos nacionais e\/ou internacionais.<\/p>\n","protected":false},"excerpt":{"rendered":"<p>O grupo de dan\u00e7a da Escola Secund\u00e1ria da Baixa da Banheira foi convidado da abertura da 2\u00aa parte da Cerim\u00f3nia dos M\u00e9ritos Desportivos prevista por volta das 22h30. Cerim\u00f3nia dos M\u00e9ritos Desportivos que realizar-se-\u00e1 no dia 30 de Janeiro (s\u00e1bado) pelas 21h00 no F\u00f3rum Cultural Jos\u00e9 Manuel Figueiredo. Esta cerim\u00f3nia tem como finalidade agraciar os &#8230; <a title=\"Grupo de dan\u00e7a da ESBB &#8211; Cerim\u00f3nia dos M\u00e9ritos Desportivos\" class=\"read-more\" href=\"https:\/\/www.esbb.pt\/web\/2016\/01\/20\/grupo-de-danca-da-esbb-cerimonia-dos-meritos-desportivos\/\" aria-label=\"Leia mais sobre Grupo de dan\u00e7a da ESBB &#8211; Cerim\u00f3nia dos M\u00e9ritos Desportivos\">Ler mais<\/a><\/p>\n","protected":false},"author":1,"featured_media":0,"comment_status":"closed","ping_status":"open","sticky":false,"template":"","format":"standard","meta":{"footnotes":""},"categories":[1],"tags":[],"class_list":["post-546","post","type-post","status-publish","format-standard","hentry","category-geral"],"_links":{"self":[{"href":"https:\/\/www.esbb.pt\/web\/wp-json\/wp\/v2\/posts\/546","targetHints":{"allow":["GET"]}}],"collection":[{"href":"https:\/\/www.esbb.pt\/web\/wp-json\/wp\/v2\/posts"}],"about":[{"href":"https:\/\/www.esbb.pt\/web\/wp-json\/wp\/v2\/types\/post"}],"author":[{"embeddable":true,"href":"https:\/\/www.esbb.pt\/web\/wp-json\/wp\/v2\/users\/1"}],"replies":[{"embeddable":true,"href":"https:\/\/www.esbb.pt\/web\/wp-json\/wp\/v2\/comments?post=546"}],"version-history":[{"count":1,"href":"https:\/\/www.esbb.pt\/web\/wp-json\/wp\/v2\/posts\/546\/revisions"}],"predecessor-version":[{"id":547,"href":"https:\/\/www.esbb.pt\/web\/wp-json\/wp\/v2\/posts\/546\/revisions\/547"}],"wp:attachment":[{"href":"https:\/\/www.esbb.pt\/web\/wp-json\/wp\/v2\/media?parent=546"}],"wp:term":[{"taxonomy":"category","embeddable":true,"href":"https:\/\/www.esbb.pt\/web\/wp-json\/wp\/v2\/categories?post=546"},{"taxonomy":"post_tag","embeddable":true,"href":"https:\/\/www.esbb.pt\/web\/wp-json\/wp\/v2\/tags?post=546"}],"curies":[{"name":"wp","href":"https:\/\/api.w.org\/{rel}","templated":true}]}}