{"id":540,"date":"2016-01-12T12:30:02","date_gmt":"2016-01-12T12:30:02","guid":{"rendered":"http:\/\/www.esbb.pt\/web\/?p=540"},"modified":"2017-05-18T12:31:48","modified_gmt":"2017-05-18T11:31:48","slug":"ministro-da-educacao-visita-a-nossa-escola","status":"publish","type":"post","link":"https:\/\/www.esbb.pt\/web\/2016\/01\/12\/ministro-da-educacao-visita-a-nossa-escola\/","title":{"rendered":"Ministro da Educa\u00e7\u00e3o visita a nossa Escola"},"content":{"rendered":"<p><a href=\"http:\/\/www.esbb.pt\/web\/wp-content\/uploads\/2017\/05\/img569538b068755.jpg\"><img loading=\"lazy\" decoding=\"async\" class=\"size-full wp-image-541\" src=\"http:\/\/www.esbb.pt\/web\/wp-content\/uploads\/2017\/05\/img569538b068755.jpg\" alt=\"\" width=\"230\" height=\"133\" \/><\/a><\/p>\n<p>O Ministro da Educa\u00e7\u00e3o, Tiago Brand\u00e3o Rodrigues acompanhado pelo Secret\u00e1rio de Estado, Jo\u00e3o Costa, visitaram a Escola Secund\u00e1ria da Baixa da Banheira no dia 04 de janeiro.<\/p>\n<p>O Ministro da Educa\u00e7\u00e3o aproveitou para desejar um ano cheio de sucessos aos nossos alunos e mostrar grande apre\u00e7o e estima pelo trabalho desenvolvido pelos professores, assistentes t\u00e9cnicos e operacionais, que todos os dias trabalham com afinco para promover o sucesso escolar, melhorar a qualifica\u00e7\u00e3o escolar e profissional dos nossos jovens e adultos, e diminuir o abandono escolar precoce.<\/p>\n<p>Os governantes reuniram com os professores para ouvir das dificuldades que sentem no seu dia-a-dia, visitaram a turma 10.\u00ba A\/B no in\u00edcio da aula de portugu\u00eas, apreciaram o nosso aqu\u00e1rio de \u00e1gua salgada assim como outros espa\u00e7os e projetos da escola. Na nossa biblioteca, o Sr. Ministro respondeu aos jornalistas durante uma breve confer\u00eancia de imprensa. Ainda teve tempo para conviver com alguns alunos que se encontravam no p\u00e1tio.<\/p>\n<p>Acompanharam o Sr. Ministro, dois deputados da Assembleia da Rep\u00fablica, o Sr. Presidente da C\u00e2mara Municipal da Moita, Rui Garcia, a Sra. Vereadora da Educa\u00e7\u00e3o, Vivina Nunes, e o Sr. Presidente da Junta de Freguesia da Uni\u00e3o de Freguesias da Baixa da Banheira e Vale da Amoreira entre outros.<\/p>\n<p>A visita terminou pelas 11 horas e quarenta e cinco minutos.<\/p>\n<div align=\"center\"><img decoding=\"async\" src=\"http:\/\/esbb.pt\/modules\/news\/images\/ESBB_Visita_Min_Edu_02.jpg\" \/><\/div>\n<p>&nbsp;<\/p>\n<div align=\"center\"><img decoding=\"async\" src=\"http:\/\/esbb.pt\/modules\/news\/images\/ESBB_Visita_Min_Edu_03.jpg\" \/><\/div>\n<p>&nbsp;<\/p>\n<div align=\"center\"><img decoding=\"async\" src=\"http:\/\/esbb.pt\/modules\/news\/images\/ESBB_Visita_Min_Edu_04.jpg\" \/><\/div>\n<p>&nbsp;<\/p>\n<div align=\"center\"><img decoding=\"async\" src=\"http:\/\/esbb.pt\/modules\/news\/images\/ESBB_Visita_Min_Edu_09.jpg\" \/><\/div>\n<p>&nbsp;<\/p>\n<div align=\"center\"><img decoding=\"async\" src=\"http:\/\/esbb.pt\/modules\/news\/images\/ESBB_Visita_Min_Edu_10.jpg\" \/><\/div>\n<p>&nbsp;<\/p>\n<div align=\"center\"><img decoding=\"async\" src=\"http:\/\/esbb.pt\/modules\/news\/images\/ESBB_Visita_Min_Edu_05.jpg\" \/><\/div>\n<p>&nbsp;<\/p>\n<div align=\"center\"><img decoding=\"async\" src=\"http:\/\/esbb.pt\/modules\/news\/images\/ESBB_Visita_Min_Edu_06.jpg\" \/><\/div>\n<p>&nbsp;<\/p>\n<div align=\"center\"><img decoding=\"async\" src=\"http:\/\/esbb.pt\/modules\/news\/images\/ESBB_Visita_Min_Edu_07.jpg\" \/><\/div>\n<p>&nbsp;<\/p>\n<div align=\"center\"><img decoding=\"async\" src=\"http:\/\/esbb.pt\/modules\/news\/images\/ESBB_Visita_Min_Edu_08.jpg\" \/><\/div>\n","protected":false},"excerpt":{"rendered":"<p>O Ministro da Educa\u00e7\u00e3o, Tiago Brand\u00e3o Rodrigues acompanhado pelo Secret\u00e1rio de Estado, Jo\u00e3o Costa, visitaram a Escola Secund\u00e1ria da Baixa da Banheira no dia 04 de janeiro. O Ministro da Educa\u00e7\u00e3o aproveitou para desejar um ano cheio de sucessos aos nossos alunos e mostrar grande apre\u00e7o e estima pelo trabalho desenvolvido pelos professores, assistentes t\u00e9cnicos &#8230; <a title=\"Ministro da Educa\u00e7\u00e3o visita a nossa Escola\" class=\"read-more\" href=\"https:\/\/www.esbb.pt\/web\/2016\/01\/12\/ministro-da-educacao-visita-a-nossa-escola\/\" aria-label=\"Leia mais sobre Ministro da Educa\u00e7\u00e3o visita a nossa Escola\">Ler mais<\/a><\/p>\n","protected":false},"author":1,"featured_media":0,"comment_status":"closed","ping_status":"open","sticky":false,"template":"","format":"standard","meta":{"footnotes":""},"categories":[1],"tags":[],"class_list":["post-540","post","type-post","status-publish","format-standard","hentry","category-geral"],"_links":{"self":[{"href":"https:\/\/www.esbb.pt\/web\/wp-json\/wp\/v2\/posts\/540","targetHints":{"allow":["GET"]}}],"collection":[{"href":"https:\/\/www.esbb.pt\/web\/wp-json\/wp\/v2\/posts"}],"about":[{"href":"https:\/\/www.esbb.pt\/web\/wp-json\/wp\/v2\/types\/post"}],"author":[{"embeddable":true,"href":"https:\/\/www.esbb.pt\/web\/wp-json\/wp\/v2\/users\/1"}],"replies":[{"embeddable":true,"href":"https:\/\/www.esbb.pt\/web\/wp-json\/wp\/v2\/comments?post=540"}],"version-history":[{"count":1,"href":"https:\/\/www.esbb.pt\/web\/wp-json\/wp\/v2\/posts\/540\/revisions"}],"predecessor-version":[{"id":542,"href":"https:\/\/www.esbb.pt\/web\/wp-json\/wp\/v2\/posts\/540\/revisions\/542"}],"wp:attachment":[{"href":"https:\/\/www.esbb.pt\/web\/wp-json\/wp\/v2\/media?parent=540"}],"wp:term":[{"taxonomy":"category","embeddable":true,"href":"https:\/\/www.esbb.pt\/web\/wp-json\/wp\/v2\/categories?post=540"},{"taxonomy":"post_tag","embeddable":true,"href":"https:\/\/www.esbb.pt\/web\/wp-json\/wp\/v2\/tags?post=540"}],"curies":[{"name":"wp","href":"https:\/\/api.w.org\/{rel}","templated":true}]}}