{"id":537,"date":"2016-01-12T12:28:38","date_gmt":"2016-01-12T12:28:38","guid":{"rendered":"http:\/\/www.esbb.pt\/web\/?p=537"},"modified":"2017-05-18T12:29:39","modified_gmt":"2017-05-18T11:29:39","slug":"cantar-as-janeiras-na-esbb","status":"publish","type":"post","link":"https:\/\/www.esbb.pt\/web\/2016\/01\/12\/cantar-as-janeiras-na-esbb\/","title":{"rendered":"Cantar as Janeiras na ESBB"},"content":{"rendered":"<p><a href=\"http:\/\/www.esbb.pt\/web\/wp-content\/uploads\/2017\/05\/img56952eb53291e.jpg\"><img loading=\"lazy\" decoding=\"async\" class=\"alignnone size-full wp-image-538\" src=\"http:\/\/www.esbb.pt\/web\/wp-content\/uploads\/2017\/05\/img56952eb53291e.jpg\" alt=\"\" width=\"229\" height=\"112\" \/><\/a><\/p>\n<p>No Dia de Reis as turmas de Educa\u00e7\u00e3o e Forma\u00e7\u00e3o de Adultos realizaram mais uma atividade no \u00e2mbito das Festas e Tradi\u00e7\u00f5es.<\/p>\n<p>Um coro muito empenhado constitu\u00eddo por alunos, formandos e professores cantou as janeiras interpretando quadras tradicionais e outras, presenteando a comunidade com boa disposi\u00e7\u00e3o e alegria. No final houve um lanche partilhado.<\/p>\n<p><img decoding=\"async\" src=\"http:\/\/esbb.pt\/modules\/news\/images\/ESBB_Janeiras_2016_02.jpg\" \/><\/p>\n","protected":false},"excerpt":{"rendered":"<p>No Dia de Reis as turmas de Educa\u00e7\u00e3o e Forma\u00e7\u00e3o de Adultos realizaram mais uma atividade no \u00e2mbito das Festas e Tradi\u00e7\u00f5es. Um coro muito empenhado constitu\u00eddo por alunos, formandos e professores cantou as janeiras interpretando quadras tradicionais e outras, presenteando a comunidade com boa disposi\u00e7\u00e3o e alegria. No final houve um lanche partilhado.<\/p>\n","protected":false},"author":1,"featured_media":0,"comment_status":"closed","ping_status":"open","sticky":false,"template":"","format":"standard","meta":{"footnotes":""},"categories":[1],"tags":[],"class_list":["post-537","post","type-post","status-publish","format-standard","hentry","category-geral"],"_links":{"self":[{"href":"https:\/\/www.esbb.pt\/web\/wp-json\/wp\/v2\/posts\/537","targetHints":{"allow":["GET"]}}],"collection":[{"href":"https:\/\/www.esbb.pt\/web\/wp-json\/wp\/v2\/posts"}],"about":[{"href":"https:\/\/www.esbb.pt\/web\/wp-json\/wp\/v2\/types\/post"}],"author":[{"embeddable":true,"href":"https:\/\/www.esbb.pt\/web\/wp-json\/wp\/v2\/users\/1"}],"replies":[{"embeddable":true,"href":"https:\/\/www.esbb.pt\/web\/wp-json\/wp\/v2\/comments?post=537"}],"version-history":[{"count":1,"href":"https:\/\/www.esbb.pt\/web\/wp-json\/wp\/v2\/posts\/537\/revisions"}],"predecessor-version":[{"id":539,"href":"https:\/\/www.esbb.pt\/web\/wp-json\/wp\/v2\/posts\/537\/revisions\/539"}],"wp:attachment":[{"href":"https:\/\/www.esbb.pt\/web\/wp-json\/wp\/v2\/media?parent=537"}],"wp:term":[{"taxonomy":"category","embeddable":true,"href":"https:\/\/www.esbb.pt\/web\/wp-json\/wp\/v2\/categories?post=537"},{"taxonomy":"post_tag","embeddable":true,"href":"https:\/\/www.esbb.pt\/web\/wp-json\/wp\/v2\/tags?post=537"}],"curies":[{"name":"wp","href":"https:\/\/api.w.org\/{rel}","templated":true}]}}