{"id":522,"date":"2015-12-29T11:54:52","date_gmt":"2015-12-29T11:54:52","guid":{"rendered":"http:\/\/www.esbb.pt\/web\/?p=522"},"modified":"2017-05-18T11:55:52","modified_gmt":"2017-05-18T10:55:52","slug":"eleicoes-para-a-associacao-de-estudantes-2","status":"publish","type":"post","link":"https:\/\/www.esbb.pt\/web\/2015\/12\/29\/eleicoes-para-a-associacao-de-estudantes-2\/","title":{"rendered":"Elei\u00e7\u00f5es para a Associa\u00e7\u00e3o de Estudantes"},"content":{"rendered":"<p><a href=\"http:\/\/www.esbb.pt\/web\/wp-content\/uploads\/2017\/05\/img5682ad171248e.jpg\"><img loading=\"lazy\" decoding=\"async\" class=\"alignnone size-full wp-image-523\" src=\"http:\/\/www.esbb.pt\/web\/wp-content\/uploads\/2017\/05\/img5682ad171248e.jpg\" alt=\"\" width=\"230\" height=\"113\" \/><\/a><\/p>\n<p>No dia 11 de dezembro realizaram-se as elei\u00e7\u00f5es para a Associa\u00e7\u00e3o de Estudantes tendo vencido a lista V nos tr\u00eas \u00f3rg\u00e3os da associa\u00e7\u00e3o.\u201d<\/p>\n<p>A campanha eleitoral das duas listas a concurso decorreu num clima de grande anima\u00e7\u00e3o democr\u00e1tica com eventos culturais e recreativos que serviram para mostrar e debater as suas ideias e propostas para o governo da AE.<\/p>\n<p><img decoding=\"async\" src=\"http:\/\/esbb.pt\/modules\/news\/images\/ESBB_Elicoes_02.jpg\" \/><\/p>\n","protected":false},"excerpt":{"rendered":"<p>No dia 11 de dezembro realizaram-se as elei\u00e7\u00f5es para a Associa\u00e7\u00e3o de Estudantes tendo vencido a lista V nos tr\u00eas \u00f3rg\u00e3os da associa\u00e7\u00e3o.\u201d A campanha eleitoral das duas listas a concurso decorreu num clima de grande anima\u00e7\u00e3o democr\u00e1tica com eventos culturais e recreativos que serviram para mostrar e debater as suas ideias e propostas para &#8230; <a title=\"Elei\u00e7\u00f5es para a Associa\u00e7\u00e3o de Estudantes\" class=\"read-more\" href=\"https:\/\/www.esbb.pt\/web\/2015\/12\/29\/eleicoes-para-a-associacao-de-estudantes-2\/\" aria-label=\"Leia mais sobre Elei\u00e7\u00f5es para a Associa\u00e7\u00e3o de Estudantes\">Ler mais<\/a><\/p>\n","protected":false},"author":1,"featured_media":0,"comment_status":"closed","ping_status":"open","sticky":false,"template":"","format":"standard","meta":{"footnotes":""},"categories":[1],"tags":[],"class_list":["post-522","post","type-post","status-publish","format-standard","hentry","category-geral"],"_links":{"self":[{"href":"https:\/\/www.esbb.pt\/web\/wp-json\/wp\/v2\/posts\/522","targetHints":{"allow":["GET"]}}],"collection":[{"href":"https:\/\/www.esbb.pt\/web\/wp-json\/wp\/v2\/posts"}],"about":[{"href":"https:\/\/www.esbb.pt\/web\/wp-json\/wp\/v2\/types\/post"}],"author":[{"embeddable":true,"href":"https:\/\/www.esbb.pt\/web\/wp-json\/wp\/v2\/users\/1"}],"replies":[{"embeddable":true,"href":"https:\/\/www.esbb.pt\/web\/wp-json\/wp\/v2\/comments?post=522"}],"version-history":[{"count":1,"href":"https:\/\/www.esbb.pt\/web\/wp-json\/wp\/v2\/posts\/522\/revisions"}],"predecessor-version":[{"id":524,"href":"https:\/\/www.esbb.pt\/web\/wp-json\/wp\/v2\/posts\/522\/revisions\/524"}],"wp:attachment":[{"href":"https:\/\/www.esbb.pt\/web\/wp-json\/wp\/v2\/media?parent=522"}],"wp:term":[{"taxonomy":"category","embeddable":true,"href":"https:\/\/www.esbb.pt\/web\/wp-json\/wp\/v2\/categories?post=522"},{"taxonomy":"post_tag","embeddable":true,"href":"https:\/\/www.esbb.pt\/web\/wp-json\/wp\/v2\/tags?post=522"}],"curies":[{"name":"wp","href":"https:\/\/api.w.org\/{rel}","templated":true}]}}