{"id":496,"date":"2015-10-21T11:33:28","date_gmt":"2015-10-21T10:33:28","guid":{"rendered":"http:\/\/www.esbb.pt\/web\/?p=496"},"modified":"2017-05-18T11:33:55","modified_gmt":"2017-05-18T10:33:55","slug":"bruno-vieira-amaral-premio-jose-saramago-2015","status":"publish","type":"post","link":"https:\/\/www.esbb.pt\/web\/2015\/10\/21\/bruno-vieira-amaral-premio-jose-saramago-2015\/","title":{"rendered":"Bruno Vieira Amaral &#8211; Pr\u00e9mio Jos\u00e9 Saramago 2015"},"content":{"rendered":"<p>Queremos publicamente dar os nossos calorosos parab\u00e9ns ao Bruno Vieira Amaral, que foi em tempos aluno da nossa escola, pelo pr\u00e9mio Jos\u00e9 Saramago 2015.<\/p>\n<p>Sigam os links para conhecer melhor este jovem escritor que cresceu no Vale da Amoreira:<\/p>\n<p><a href=\"http:\/\/www.dn.pt\/artes\/interior\/bruno_vieira_amaral_e_o_vencedor_do_premio_saramago_2015_4844273.html\" target=\"_blank\" rel=\"noopener noreferrer\">http:\/\/www.dn.pt\/artes\/interior\/bruno_vieira_amaral_e_o_vencedor_do_premio_saramago_2015_4844273.html<\/a><\/p>\n<p><a href=\"http:\/\/www.rtp.pt\/noticias\/cultura\/bruno-vieira-amaral-venceu-o-premio-jose-saramago_v867372\" target=\"_blank\" rel=\"noopener noreferrer\">http:\/\/www.rtp.pt\/noticias\/cultura\/bruno-vieira-amaral-venceu-o-premio-jose-saramago_v867372<\/a><\/p>\n<p><a href=\"http:\/\/www.publico.pt\/culturaipsilon\/noticia\/vidas-mal-contadas-329216\" target=\"_blank\" rel=\"noopener noreferrer\">http:\/\/www.publico.pt\/culturaipsilon\/noticia\/vidas-mal-contadas-329216<\/a><\/p>\n","protected":false},"excerpt":{"rendered":"<p>Queremos publicamente dar os nossos calorosos parab\u00e9ns ao Bruno Vieira Amaral, que foi em tempos aluno da nossa escola, pelo pr\u00e9mio Jos\u00e9 Saramago 2015. Sigam os links para conhecer melhor este jovem escritor que cresceu no Vale da Amoreira: http:\/\/www.dn.pt\/artes\/interior\/bruno_vieira_amaral_e_o_vencedor_do_premio_saramago_2015_4844273.html http:\/\/www.rtp.pt\/noticias\/cultura\/bruno-vieira-amaral-venceu-o-premio-jose-saramago_v867372 http:\/\/www.publico.pt\/culturaipsilon\/noticia\/vidas-mal-contadas-329216<\/p>\n","protected":false},"author":1,"featured_media":0,"comment_status":"closed","ping_status":"open","sticky":false,"template":"","format":"standard","meta":{"footnotes":""},"categories":[1],"tags":[],"class_list":["post-496","post","type-post","status-publish","format-standard","hentry","category-geral"],"_links":{"self":[{"href":"https:\/\/www.esbb.pt\/web\/wp-json\/wp\/v2\/posts\/496","targetHints":{"allow":["GET"]}}],"collection":[{"href":"https:\/\/www.esbb.pt\/web\/wp-json\/wp\/v2\/posts"}],"about":[{"href":"https:\/\/www.esbb.pt\/web\/wp-json\/wp\/v2\/types\/post"}],"author":[{"embeddable":true,"href":"https:\/\/www.esbb.pt\/web\/wp-json\/wp\/v2\/users\/1"}],"replies":[{"embeddable":true,"href":"https:\/\/www.esbb.pt\/web\/wp-json\/wp\/v2\/comments?post=496"}],"version-history":[{"count":1,"href":"https:\/\/www.esbb.pt\/web\/wp-json\/wp\/v2\/posts\/496\/revisions"}],"predecessor-version":[{"id":497,"href":"https:\/\/www.esbb.pt\/web\/wp-json\/wp\/v2\/posts\/496\/revisions\/497"}],"wp:attachment":[{"href":"https:\/\/www.esbb.pt\/web\/wp-json\/wp\/v2\/media?parent=496"}],"wp:term":[{"taxonomy":"category","embeddable":true,"href":"https:\/\/www.esbb.pt\/web\/wp-json\/wp\/v2\/categories?post=496"},{"taxonomy":"post_tag","embeddable":true,"href":"https:\/\/www.esbb.pt\/web\/wp-json\/wp\/v2\/tags?post=496"}],"curies":[{"name":"wp","href":"https:\/\/api.w.org\/{rel}","templated":true}]}}