{"id":470,"date":"2015-05-29T11:20:49","date_gmt":"2015-05-29T10:20:49","guid":{"rendered":"http:\/\/www.esbb.pt\/web\/?p=470"},"modified":"2017-05-18T11:21:32","modified_gmt":"2017-05-18T10:21:32","slug":"comemoracao-do-dia-mundial-da-danca","status":"publish","type":"post","link":"https:\/\/www.esbb.pt\/web\/2015\/05\/29\/comemoracao-do-dia-mundial-da-danca\/","title":{"rendered":"Comemora\u00e7\u00e3o do Dia Mundial da Dan\u00e7a"},"content":{"rendered":"<p><a href=\"http:\/\/www.esbb.pt\/web\/wp-content\/uploads\/2017\/05\/img556891e83c4ab.jpg\"><img loading=\"lazy\" decoding=\"async\" class=\"alignnone size-full wp-image-471\" src=\"http:\/\/www.esbb.pt\/web\/wp-content\/uploads\/2017\/05\/img556891e83c4ab.jpg\" alt=\"\" width=\"230\" height=\"168\" \/><\/a><\/p>\n<p>No dia 29 de abril, comemorou-se na ESBB, o Dia Mundial da Dan\u00e7a.<\/p>\n<p>A atividade foi dinamizada pelo Grupo de Dan\u00e7a e pelos alunos do Curso Profissional de Apoio \u00e0 Inf\u00e2ncia, contando com a participa\u00e7\u00e3o dos alunos da Escola B\u00e1sica n\u00ba1 do Vale da Amoreira.<\/p>\n<p>Parab\u00e9ns a todos pelo fant\u00e1stico desempenho!<\/p>\n<p><img decoding=\"async\" src=\"http:\/\/esbb.pt\/modules\/news\/images\/esbb_dia_mundial_danca_2_.jpg\" \/><\/p>\n","protected":false},"excerpt":{"rendered":"<p>No dia 29 de abril, comemorou-se na ESBB, o Dia Mundial da Dan\u00e7a. A atividade foi dinamizada pelo Grupo de Dan\u00e7a e pelos alunos do Curso Profissional de Apoio \u00e0 Inf\u00e2ncia, contando com a participa\u00e7\u00e3o dos alunos da Escola B\u00e1sica n\u00ba1 do Vale da Amoreira. Parab\u00e9ns a todos pelo fant\u00e1stico desempenho!<\/p>\n","protected":false},"author":1,"featured_media":0,"comment_status":"closed","ping_status":"open","sticky":false,"template":"","format":"standard","meta":{"footnotes":""},"categories":[1],"tags":[],"class_list":["post-470","post","type-post","status-publish","format-standard","hentry","category-geral"],"_links":{"self":[{"href":"https:\/\/www.esbb.pt\/web\/wp-json\/wp\/v2\/posts\/470","targetHints":{"allow":["GET"]}}],"collection":[{"href":"https:\/\/www.esbb.pt\/web\/wp-json\/wp\/v2\/posts"}],"about":[{"href":"https:\/\/www.esbb.pt\/web\/wp-json\/wp\/v2\/types\/post"}],"author":[{"embeddable":true,"href":"https:\/\/www.esbb.pt\/web\/wp-json\/wp\/v2\/users\/1"}],"replies":[{"embeddable":true,"href":"https:\/\/www.esbb.pt\/web\/wp-json\/wp\/v2\/comments?post=470"}],"version-history":[{"count":1,"href":"https:\/\/www.esbb.pt\/web\/wp-json\/wp\/v2\/posts\/470\/revisions"}],"predecessor-version":[{"id":472,"href":"https:\/\/www.esbb.pt\/web\/wp-json\/wp\/v2\/posts\/470\/revisions\/472"}],"wp:attachment":[{"href":"https:\/\/www.esbb.pt\/web\/wp-json\/wp\/v2\/media?parent=470"}],"wp:term":[{"taxonomy":"category","embeddable":true,"href":"https:\/\/www.esbb.pt\/web\/wp-json\/wp\/v2\/categories?post=470"},{"taxonomy":"post_tag","embeddable":true,"href":"https:\/\/www.esbb.pt\/web\/wp-json\/wp\/v2\/tags?post=470"}],"curies":[{"name":"wp","href":"https:\/\/api.w.org\/{rel}","templated":true}]}}