{"id":467,"date":"2015-05-27T11:19:35","date_gmt":"2015-05-27T10:19:35","guid":{"rendered":"http:\/\/www.esbb.pt\/web\/?p=467"},"modified":"2017-05-18T11:20:30","modified_gmt":"2017-05-18T10:20:30","slug":"participacao-na-xviii-feira-de-projetos-educativos-da-moita","status":"publish","type":"post","link":"https:\/\/www.esbb.pt\/web\/2015\/05\/27\/participacao-na-xviii-feira-de-projetos-educativos-da-moita\/","title":{"rendered":"Participa\u00e7\u00e3o na XVIII Feira de Projetos Educativos da Moita"},"content":{"rendered":"<p><a href=\"http:\/\/www.esbb.pt\/web\/wp-content\/uploads\/2017\/05\/img5565e12e38a32.jpg\"><img loading=\"lazy\" decoding=\"async\" class=\"alignnone size-full wp-image-468\" src=\"http:\/\/www.esbb.pt\/web\/wp-content\/uploads\/2017\/05\/img5565e12e38a32.jpg\" alt=\"\" width=\"230\" height=\"150\" \/><\/a><\/p>\n<p>Nos dias 6, 7 e 8 de maio, a ESBB, marcou presen\u00e7a na XVIII Feira de Projetos Educativos da Moita.<\/p>\n<p>Ao longo dos tr\u00eas dias, deu-se a conhecer a <a href=\"http:\/\/esbb.pt\/modules\/tinycontent\/index.php?id=164\" target=\"_blank\" rel=\"noopener noreferrer\">oferta formativa para o ano letivo 2015\/16<\/a> e os alunos dos cursos profissionais do ensino secund\u00e1rio, fizeram-se representar atrav\u00e9s de um conjunto de atividades, representativas das respetivas \u00e1reas de estudo.<\/p>\n<p>Ainda a salientar, a fant\u00e1stica apresenta\u00e7\u00e3o do grupo de dan\u00e7a da escola e dos alunos EFA (Educa\u00e7\u00e3o e Forma\u00e7\u00e3o de Adultos).<\/p>\n<p>Mais uma vez, cont\u00e1mos com a dedica\u00e7\u00e3o e participa\u00e7\u00e3o ativa dos alunos!<\/p>\n<p><img decoding=\"async\" src=\"http:\/\/esbb.pt\/modules\/news\/images\/esbb_feira_projetos_02.jpg\" \/><\/p>\n","protected":false},"excerpt":{"rendered":"<p>Nos dias 6, 7 e 8 de maio, a ESBB, marcou presen\u00e7a na XVIII Feira de Projetos Educativos da Moita. Ao longo dos tr\u00eas dias, deu-se a conhecer a oferta formativa para o ano letivo 2015\/16 e os alunos dos cursos profissionais do ensino secund\u00e1rio, fizeram-se representar atrav\u00e9s de um conjunto de atividades, representativas das &#8230; <a title=\"Participa\u00e7\u00e3o na XVIII Feira de Projetos Educativos da Moita\" class=\"read-more\" href=\"https:\/\/www.esbb.pt\/web\/2015\/05\/27\/participacao-na-xviii-feira-de-projetos-educativos-da-moita\/\" aria-label=\"Leia mais sobre Participa\u00e7\u00e3o na XVIII Feira de Projetos Educativos da Moita\">Ler mais<\/a><\/p>\n","protected":false},"author":1,"featured_media":0,"comment_status":"closed","ping_status":"open","sticky":false,"template":"","format":"standard","meta":{"footnotes":""},"categories":[1],"tags":[],"class_list":["post-467","post","type-post","status-publish","format-standard","hentry","category-geral"],"_links":{"self":[{"href":"https:\/\/www.esbb.pt\/web\/wp-json\/wp\/v2\/posts\/467","targetHints":{"allow":["GET"]}}],"collection":[{"href":"https:\/\/www.esbb.pt\/web\/wp-json\/wp\/v2\/posts"}],"about":[{"href":"https:\/\/www.esbb.pt\/web\/wp-json\/wp\/v2\/types\/post"}],"author":[{"embeddable":true,"href":"https:\/\/www.esbb.pt\/web\/wp-json\/wp\/v2\/users\/1"}],"replies":[{"embeddable":true,"href":"https:\/\/www.esbb.pt\/web\/wp-json\/wp\/v2\/comments?post=467"}],"version-history":[{"count":1,"href":"https:\/\/www.esbb.pt\/web\/wp-json\/wp\/v2\/posts\/467\/revisions"}],"predecessor-version":[{"id":469,"href":"https:\/\/www.esbb.pt\/web\/wp-json\/wp\/v2\/posts\/467\/revisions\/469"}],"wp:attachment":[{"href":"https:\/\/www.esbb.pt\/web\/wp-json\/wp\/v2\/media?parent=467"}],"wp:term":[{"taxonomy":"category","embeddable":true,"href":"https:\/\/www.esbb.pt\/web\/wp-json\/wp\/v2\/categories?post=467"},{"taxonomy":"post_tag","embeddable":true,"href":"https:\/\/www.esbb.pt\/web\/wp-json\/wp\/v2\/tags?post=467"}],"curies":[{"name":"wp","href":"https:\/\/api.w.org\/{rel}","templated":true}]}}