{"id":461,"date":"2015-05-26T11:17:11","date_gmt":"2015-05-26T10:17:11","guid":{"rendered":"http:\/\/www.esbb.pt\/web\/?p=461"},"modified":"2017-05-18T11:18:10","modified_gmt":"2017-05-18T10:18:10","slug":"hora-do-conto-na-esbb","status":"publish","type":"post","link":"https:\/\/www.esbb.pt\/web\/2015\/05\/26\/hora-do-conto-na-esbb\/","title":{"rendered":"Hora do Conto na ESBB"},"content":{"rendered":"<p><a href=\"http:\/\/www.esbb.pt\/web\/wp-content\/uploads\/2017\/05\/img55648621544d4.jpg\"><img loading=\"lazy\" decoding=\"async\" class=\"alignnone size-full wp-image-462\" src=\"http:\/\/www.esbb.pt\/web\/wp-content\/uploads\/2017\/05\/img55648621544d4.jpg\" alt=\"\" width=\"230\" height=\"150\" \/><\/a><\/p>\n<p>Foi no dia 21 de maio, que os nossos alunos do 7\u00baA, numa atividade de articula\u00e7\u00e3o entre a Biblioteca Escolar e as docentes Mariana Pascoal e Isabel Gomes, realizaram uma Hora do Conto para os mais pequeninos do Jardim de Inf\u00e2ncia da Escola B\u00e1sica do Vale da Amoreira que nos visitaram.<\/p>\n<p>O encontro deu-se na Biblioteca Escolar onde os nossos alunos leram a hist\u00f3ria &#8220;Pepo e Estela&#8221; aos mais novos e dinamizaram um atelier de express\u00e3o pl\u00e1stica. Foi um dia da crian\u00e7a antecipado, mas muito bem passado!<\/p>\n<p><img decoding=\"async\" src=\"http:\/\/esbb.pt\/modules\/news\/images\/esbb_hora_conto_02.jpg\" \/><\/p>\n","protected":false},"excerpt":{"rendered":"<p>Foi no dia 21 de maio, que os nossos alunos do 7\u00baA, numa atividade de articula\u00e7\u00e3o entre a Biblioteca Escolar e as docentes Mariana Pascoal e Isabel Gomes, realizaram uma Hora do Conto para os mais pequeninos do Jardim de Inf\u00e2ncia da Escola B\u00e1sica do Vale da Amoreira que nos visitaram. O encontro deu-se na &#8230; <a title=\"Hora do Conto na ESBB\" class=\"read-more\" href=\"https:\/\/www.esbb.pt\/web\/2015\/05\/26\/hora-do-conto-na-esbb\/\" aria-label=\"Leia mais sobre Hora do Conto na ESBB\">Ler mais<\/a><\/p>\n","protected":false},"author":1,"featured_media":0,"comment_status":"closed","ping_status":"open","sticky":false,"template":"","format":"standard","meta":{"footnotes":""},"categories":[1],"tags":[],"class_list":["post-461","post","type-post","status-publish","format-standard","hentry","category-geral"],"_links":{"self":[{"href":"https:\/\/www.esbb.pt\/web\/wp-json\/wp\/v2\/posts\/461","targetHints":{"allow":["GET"]}}],"collection":[{"href":"https:\/\/www.esbb.pt\/web\/wp-json\/wp\/v2\/posts"}],"about":[{"href":"https:\/\/www.esbb.pt\/web\/wp-json\/wp\/v2\/types\/post"}],"author":[{"embeddable":true,"href":"https:\/\/www.esbb.pt\/web\/wp-json\/wp\/v2\/users\/1"}],"replies":[{"embeddable":true,"href":"https:\/\/www.esbb.pt\/web\/wp-json\/wp\/v2\/comments?post=461"}],"version-history":[{"count":1,"href":"https:\/\/www.esbb.pt\/web\/wp-json\/wp\/v2\/posts\/461\/revisions"}],"predecessor-version":[{"id":463,"href":"https:\/\/www.esbb.pt\/web\/wp-json\/wp\/v2\/posts\/461\/revisions\/463"}],"wp:attachment":[{"href":"https:\/\/www.esbb.pt\/web\/wp-json\/wp\/v2\/media?parent=461"}],"wp:term":[{"taxonomy":"category","embeddable":true,"href":"https:\/\/www.esbb.pt\/web\/wp-json\/wp\/v2\/categories?post=461"},{"taxonomy":"post_tag","embeddable":true,"href":"https:\/\/www.esbb.pt\/web\/wp-json\/wp\/v2\/tags?post=461"}],"curies":[{"name":"wp","href":"https:\/\/api.w.org\/{rel}","templated":true}]}}