{"id":458,"date":"2015-05-07T11:15:37","date_gmt":"2015-05-07T10:15:37","guid":{"rendered":"http:\/\/www.esbb.pt\/web\/?p=458"},"modified":"2017-05-18T11:16:31","modified_gmt":"2017-05-18T10:16:31","slug":"premio-ciencia-viva-projeto-nos-propomos","status":"publish","type":"post","link":"https:\/\/www.esbb.pt\/web\/2015\/05\/07\/premio-ciencia-viva-projeto-nos-propomos\/","title":{"rendered":"Pr\u00e9mio Ci\u00eancia Viva &#8211; Projeto &#8220;N\u00f3s Propomos&#8221;"},"content":{"rendered":"<p><a href=\"http:\/\/www.esbb.pt\/web\/wp-content\/uploads\/2017\/05\/img554b44a36d9be.jpg\"><img loading=\"lazy\" decoding=\"async\" class=\"alignnone size-full wp-image-459\" src=\"http:\/\/www.esbb.pt\/web\/wp-content\/uploads\/2017\/05\/img554b44a36d9be.jpg\" alt=\"\" width=\"230\" height=\"112\" \/><\/a><\/p>\n<p>No dia 4 de maio, no \u00e2mbito da participa\u00e7\u00e3o no projeto de cariz nacional, &#8220;N\u00f3s Propomos! Cidadania, Sustentabilidade e Inova\u00e7\u00e3o na Educa\u00e7\u00e3o Geogr\u00e1fica&#8221;, 2014\/2015, promovido pelo Instituto de Geografia e Ordenamento do Territ\u00f3rio, da Universidade de Lisboa, a turma do 11\u00baB, foi agraciada com Pr\u00e9mio Ci\u00eancia Viva, pois foi a 6\u00aa escola premiada de entre as 36 escolas participantes no projeto.<\/p>\n<p>O projeto dinamizado ao longo do ano pela turma, consistiu no levantamento de problemas urbanos atrav\u00e9s do trabalho de campo,aplicando inqu\u00e9ritos \u00e0 popula\u00e7\u00e3o do Vale da Amoreira e apresentando propostas de solu\u00e7\u00e3o que fossem exequ\u00edveis pela autarquia.<\/p>\n<p>Mais uma vez, os alunos da ESBB, est\u00e3o de Parab\u00e9ns pela excelente participa\u00e7\u00e3o e empenho!<\/p>\n<p><img decoding=\"async\" src=\"http:\/\/esbb.pt\/modules\/news\/images\/esbb_ciencia_viva_02.jpg\" \/><\/p>\n","protected":false},"excerpt":{"rendered":"<p>No dia 4 de maio, no \u00e2mbito da participa\u00e7\u00e3o no projeto de cariz nacional, &#8220;N\u00f3s Propomos! Cidadania, Sustentabilidade e Inova\u00e7\u00e3o na Educa\u00e7\u00e3o Geogr\u00e1fica&#8221;, 2014\/2015, promovido pelo Instituto de Geografia e Ordenamento do Territ\u00f3rio, da Universidade de Lisboa, a turma do 11\u00baB, foi agraciada com Pr\u00e9mio Ci\u00eancia Viva, pois foi a 6\u00aa escola premiada de entre &#8230; <a title=\"Pr\u00e9mio Ci\u00eancia Viva &#8211; Projeto &#8220;N\u00f3s Propomos&#8221;\" class=\"read-more\" href=\"https:\/\/www.esbb.pt\/web\/2015\/05\/07\/premio-ciencia-viva-projeto-nos-propomos\/\" aria-label=\"Leia mais sobre Pr\u00e9mio Ci\u00eancia Viva &#8211; Projeto &#8220;N\u00f3s Propomos&#8221;\">Ler mais<\/a><\/p>\n","protected":false},"author":1,"featured_media":0,"comment_status":"closed","ping_status":"open","sticky":false,"template":"","format":"standard","meta":{"footnotes":""},"categories":[1],"tags":[],"class_list":["post-458","post","type-post","status-publish","format-standard","hentry","category-geral"],"_links":{"self":[{"href":"https:\/\/www.esbb.pt\/web\/wp-json\/wp\/v2\/posts\/458","targetHints":{"allow":["GET"]}}],"collection":[{"href":"https:\/\/www.esbb.pt\/web\/wp-json\/wp\/v2\/posts"}],"about":[{"href":"https:\/\/www.esbb.pt\/web\/wp-json\/wp\/v2\/types\/post"}],"author":[{"embeddable":true,"href":"https:\/\/www.esbb.pt\/web\/wp-json\/wp\/v2\/users\/1"}],"replies":[{"embeddable":true,"href":"https:\/\/www.esbb.pt\/web\/wp-json\/wp\/v2\/comments?post=458"}],"version-history":[{"count":1,"href":"https:\/\/www.esbb.pt\/web\/wp-json\/wp\/v2\/posts\/458\/revisions"}],"predecessor-version":[{"id":460,"href":"https:\/\/www.esbb.pt\/web\/wp-json\/wp\/v2\/posts\/458\/revisions\/460"}],"wp:attachment":[{"href":"https:\/\/www.esbb.pt\/web\/wp-json\/wp\/v2\/media?parent=458"}],"wp:term":[{"taxonomy":"category","embeddable":true,"href":"https:\/\/www.esbb.pt\/web\/wp-json\/wp\/v2\/categories?post=458"},{"taxonomy":"post_tag","embeddable":true,"href":"https:\/\/www.esbb.pt\/web\/wp-json\/wp\/v2\/tags?post=458"}],"curies":[{"name":"wp","href":"https:\/\/api.w.org\/{rel}","templated":true}]}}