{"id":455,"date":"2015-05-07T11:14:12","date_gmt":"2015-05-07T10:14:12","guid":{"rendered":"http:\/\/www.esbb.pt\/web\/?p=455"},"modified":"2017-05-18T11:15:10","modified_gmt":"2017-05-18T10:15:10","slug":"mexe-te-uma-beca","status":"publish","type":"post","link":"https:\/\/www.esbb.pt\/web\/2015\/05\/07\/mexe-te-uma-beca\/","title":{"rendered":"Mexe-te uma beca!"},"content":{"rendered":"<p><a href=\"http:\/\/www.esbb.pt\/web\/wp-content\/uploads\/2017\/05\/img554b3d8b0bd64.jpg\"><img loading=\"lazy\" decoding=\"async\" class=\"alignnone size-full wp-image-456\" src=\"http:\/\/www.esbb.pt\/web\/wp-content\/uploads\/2017\/05\/img554b3d8b0bd64.jpg\" alt=\"\" width=\"230\" height=\"150\" \/><\/a><\/p>\n<p>A iniciativa \u201cMexe-te uma Beca \u2013 Escolas em Movimento\u201d decorreu no dia 6 de maio na Escola de Fuzileiros Navais em Vale de Zebro, promovida pela Delega\u00e7\u00e3o de Sa\u00fade em parceria com as escolas dos concelhos do Barreiro e da Moita atrav\u00e9s do Programa de Educa\u00e7\u00e3o para a Sa\u00fade (PES).<\/p>\n<p>A nossa Escola esteve representada pelos alunos do 11\u00baB e do 12\u00baA que se envolveram com entusiasmo neste desafio.<\/p>\n<p>A atividade teve como objetivos sensibilizar a comunidade escolar para a import\u00e2ncia da educa\u00e7\u00e3o e promo\u00e7\u00e3o da sa\u00fade, contribuir para a cria\u00e7\u00e3o de h\u00e1bitos de vida saud\u00e1vel atrav\u00e9s da pr\u00e1tica do exerc\u00edcio f\u00edsico, e suscitar o interesse e participa\u00e7\u00e3o por parte dos alunos na vida da escola dentro e tamb\u00e9m fora de portas como foi o caso desta vez.<\/p>\n<p><img decoding=\"async\" src=\"http:\/\/esbb.pt\/modules\/news\/images\/esbb_mexete_beca_02.jpg\" \/><\/p>\n","protected":false},"excerpt":{"rendered":"<p>A iniciativa \u201cMexe-te uma Beca \u2013 Escolas em Movimento\u201d decorreu no dia 6 de maio na Escola de Fuzileiros Navais em Vale de Zebro, promovida pela Delega\u00e7\u00e3o de Sa\u00fade em parceria com as escolas dos concelhos do Barreiro e da Moita atrav\u00e9s do Programa de Educa\u00e7\u00e3o para a Sa\u00fade (PES). A nossa Escola esteve representada &#8230; <a title=\"Mexe-te uma beca!\" class=\"read-more\" href=\"https:\/\/www.esbb.pt\/web\/2015\/05\/07\/mexe-te-uma-beca\/\" aria-label=\"Leia mais sobre Mexe-te uma beca!\">Ler mais<\/a><\/p>\n","protected":false},"author":1,"featured_media":0,"comment_status":"closed","ping_status":"open","sticky":false,"template":"","format":"standard","meta":{"footnotes":""},"categories":[1],"tags":[],"class_list":["post-455","post","type-post","status-publish","format-standard","hentry","category-geral"],"_links":{"self":[{"href":"https:\/\/www.esbb.pt\/web\/wp-json\/wp\/v2\/posts\/455","targetHints":{"allow":["GET"]}}],"collection":[{"href":"https:\/\/www.esbb.pt\/web\/wp-json\/wp\/v2\/posts"}],"about":[{"href":"https:\/\/www.esbb.pt\/web\/wp-json\/wp\/v2\/types\/post"}],"author":[{"embeddable":true,"href":"https:\/\/www.esbb.pt\/web\/wp-json\/wp\/v2\/users\/1"}],"replies":[{"embeddable":true,"href":"https:\/\/www.esbb.pt\/web\/wp-json\/wp\/v2\/comments?post=455"}],"version-history":[{"count":1,"href":"https:\/\/www.esbb.pt\/web\/wp-json\/wp\/v2\/posts\/455\/revisions"}],"predecessor-version":[{"id":457,"href":"https:\/\/www.esbb.pt\/web\/wp-json\/wp\/v2\/posts\/455\/revisions\/457"}],"wp:attachment":[{"href":"https:\/\/www.esbb.pt\/web\/wp-json\/wp\/v2\/media?parent=455"}],"wp:term":[{"taxonomy":"category","embeddable":true,"href":"https:\/\/www.esbb.pt\/web\/wp-json\/wp\/v2\/categories?post=455"},{"taxonomy":"post_tag","embeddable":true,"href":"https:\/\/www.esbb.pt\/web\/wp-json\/wp\/v2\/tags?post=455"}],"curies":[{"name":"wp","href":"https:\/\/api.w.org\/{rel}","templated":true}]}}