{"id":452,"date":"2015-05-06T11:12:31","date_gmt":"2015-05-06T10:12:31","guid":{"rendered":"http:\/\/www.esbb.pt\/web\/?p=452"},"modified":"2017-05-18T11:13:27","modified_gmt":"2017-05-18T10:13:27","slug":"recordar-o-25-de-abril-na-escola-secundaria-da-baixa-da-banheira","status":"publish","type":"post","link":"https:\/\/www.esbb.pt\/web\/2015\/05\/06\/recordar-o-25-de-abril-na-escola-secundaria-da-baixa-da-banheira\/","title":{"rendered":"Recordar o 25 de abril na Escola Secund\u00e1ria da Baixa da Banheira"},"content":{"rendered":"<p><a href=\"http:\/\/www.esbb.pt\/web\/wp-content\/uploads\/2017\/05\/img5549f39e2b9c9.jpg\"><img loading=\"lazy\" decoding=\"async\" class=\"alignnone size-full wp-image-453\" src=\"http:\/\/www.esbb.pt\/web\/wp-content\/uploads\/2017\/05\/img5549f39e2b9c9.jpg\" alt=\"\" width=\"230\" height=\"150\" \/><\/a><\/p>\n<p>A ESBB, mais uma vez, celebrou, relembrou e discutiu o valor desta data e os acontecimentos a ela ligados numa conversa participada e animada na sua biblioteca, tendo tido por convidado Xico Braga que veio partilhar o seu testemunho pessoal com os nossos alunos.<\/p>\n<p>O convidado falou-nos tamb\u00e9m um pouco dos seus livros, neste Dia do Livro e dos Direitos de Autor. Dupla celebra\u00e7\u00e3o!<\/p>\n<p>Os alunos colocaram quest\u00f5es e participaram ativamente.<\/p>\n<p>Est\u00e1 patente tamb\u00e9m na nossa biblioteca escolar uma exposi\u00e7\u00e3o sobre o 25 de abril at\u00e9 ao 1\u00ba de maio.Visitem-na!<\/p>\n<p><img decoding=\"async\" src=\"http:\/\/esbb.pt\/modules\/news\/images\/esbb_25abril_02.jpg\" \/><\/p>\n","protected":false},"excerpt":{"rendered":"<p>A ESBB, mais uma vez, celebrou, relembrou e discutiu o valor desta data e os acontecimentos a ela ligados numa conversa participada e animada na sua biblioteca, tendo tido por convidado Xico Braga que veio partilhar o seu testemunho pessoal com os nossos alunos. O convidado falou-nos tamb\u00e9m um pouco dos seus livros, neste Dia &#8230; <a title=\"Recordar o 25 de abril na Escola Secund\u00e1ria da Baixa da Banheira\" class=\"read-more\" href=\"https:\/\/www.esbb.pt\/web\/2015\/05\/06\/recordar-o-25-de-abril-na-escola-secundaria-da-baixa-da-banheira\/\" aria-label=\"Leia mais sobre Recordar o 25 de abril na Escola Secund\u00e1ria da Baixa da Banheira\">Ler mais<\/a><\/p>\n","protected":false},"author":1,"featured_media":0,"comment_status":"closed","ping_status":"open","sticky":false,"template":"","format":"standard","meta":{"footnotes":""},"categories":[1],"tags":[],"class_list":["post-452","post","type-post","status-publish","format-standard","hentry","category-geral"],"_links":{"self":[{"href":"https:\/\/www.esbb.pt\/web\/wp-json\/wp\/v2\/posts\/452","targetHints":{"allow":["GET"]}}],"collection":[{"href":"https:\/\/www.esbb.pt\/web\/wp-json\/wp\/v2\/posts"}],"about":[{"href":"https:\/\/www.esbb.pt\/web\/wp-json\/wp\/v2\/types\/post"}],"author":[{"embeddable":true,"href":"https:\/\/www.esbb.pt\/web\/wp-json\/wp\/v2\/users\/1"}],"replies":[{"embeddable":true,"href":"https:\/\/www.esbb.pt\/web\/wp-json\/wp\/v2\/comments?post=452"}],"version-history":[{"count":1,"href":"https:\/\/www.esbb.pt\/web\/wp-json\/wp\/v2\/posts\/452\/revisions"}],"predecessor-version":[{"id":454,"href":"https:\/\/www.esbb.pt\/web\/wp-json\/wp\/v2\/posts\/452\/revisions\/454"}],"wp:attachment":[{"href":"https:\/\/www.esbb.pt\/web\/wp-json\/wp\/v2\/media?parent=452"}],"wp:term":[{"taxonomy":"category","embeddable":true,"href":"https:\/\/www.esbb.pt\/web\/wp-json\/wp\/v2\/categories?post=452"},{"taxonomy":"post_tag","embeddable":true,"href":"https:\/\/www.esbb.pt\/web\/wp-json\/wp\/v2\/tags?post=452"}],"curies":[{"name":"wp","href":"https:\/\/api.w.org\/{rel}","templated":true}]}}