{"id":4496,"date":"2023-07-13T16:12:57","date_gmt":"2023-07-13T15:12:57","guid":{"rendered":"https:\/\/www.esbb.pt\/web\/?p=4496"},"modified":"2023-07-13T16:12:57","modified_gmt":"2023-07-13T15:12:57","slug":"acoes-de-formacao-oficina-de-costura-hortas-escolares-e-compostagem","status":"publish","type":"post","link":"https:\/\/www.esbb.pt\/web\/2023\/07\/13\/acoes-de-formacao-oficina-de-costura-hortas-escolares-e-compostagem\/","title":{"rendered":"A\u00e7\u00f5es de Forma\u00e7\u00e3o: Oficina de Costura | Hortas Escolares e Compostagem"},"content":{"rendered":"<p>No dia 10 de julho, pelas 12h, na ESBB, ocorreu a entrega dos certificados de duas a\u00e7\u00f5es realizadas pelo Centro Qualifica, no \u00e2mbito do Programa Eco-Escolas: &#8220;Oficina de Costura&#8221; e &#8220;Hortas Escolares e Compostagem&#8221;.<\/p>\n<p>Ficou patente o agrado e a satisfa\u00e7\u00e3o dos formandos pelos momentos de aprendizagem, partilha e conv\u00edvio amistoso que ambas as a\u00e7\u00f5es proporcionaram.<\/p>\n<p>Fazemos votos para a sua continuidade no pr\u00f3ximo ano letivo!<\/p>\n<p>Um grande obrigado a todos os participantes.<\/p>\n<p><a href=\"https:\/\/www.esbb.pt\/web\/wp-content\/uploads\/2023\/07\/IMG_20230524_153844.jpg\"><img loading=\"lazy\" decoding=\"async\" class=\"alignnone size-full wp-image-4498\" src=\"https:\/\/www.esbb.pt\/web\/wp-content\/uploads\/2023\/07\/IMG_20230524_153844.jpg\" alt=\"\" width=\"1200\" height=\"1200\" srcset=\"https:\/\/www.esbb.pt\/web\/wp-content\/uploads\/2023\/07\/IMG_20230524_153844.jpg 1200w, https:\/\/www.esbb.pt\/web\/wp-content\/uploads\/2023\/07\/IMG_20230524_153844-300x300.jpg 300w, https:\/\/www.esbb.pt\/web\/wp-content\/uploads\/2023\/07\/IMG_20230524_153844-1024x1024.jpg 1024w, https:\/\/www.esbb.pt\/web\/wp-content\/uploads\/2023\/07\/IMG_20230524_153844-150x150.jpg 150w, https:\/\/www.esbb.pt\/web\/wp-content\/uploads\/2023\/07\/IMG_20230524_153844-768x768.jpg 768w\" sizes=\"auto, (max-width: 1200px) 100vw, 1200px\" \/><\/a> <a href=\"https:\/\/www.esbb.pt\/web\/wp-content\/uploads\/2023\/07\/IMG20230503172454.jpg\"><img loading=\"lazy\" decoding=\"async\" class=\"alignnone size-full wp-image-4499\" src=\"https:\/\/www.esbb.pt\/web\/wp-content\/uploads\/2023\/07\/IMG20230503172454.jpg\" alt=\"\" width=\"1200\" height=\"900\" srcset=\"https:\/\/www.esbb.pt\/web\/wp-content\/uploads\/2023\/07\/IMG20230503172454.jpg 1200w, https:\/\/www.esbb.pt\/web\/wp-content\/uploads\/2023\/07\/IMG20230503172454-300x225.jpg 300w, https:\/\/www.esbb.pt\/web\/wp-content\/uploads\/2023\/07\/IMG20230503172454-1024x768.jpg 1024w, https:\/\/www.esbb.pt\/web\/wp-content\/uploads\/2023\/07\/IMG20230503172454-768x576.jpg 768w\" sizes=\"auto, (max-width: 1200px) 100vw, 1200px\" \/><\/a> <a href=\"https:\/\/www.esbb.pt\/web\/wp-content\/uploads\/2023\/07\/WhatsApp-Image-2023-07-10-at-12.40.11.jpeg\"><img loading=\"lazy\" decoding=\"async\" class=\"alignnone size-full wp-image-4500\" src=\"https:\/\/www.esbb.pt\/web\/wp-content\/uploads\/2023\/07\/WhatsApp-Image-2023-07-10-at-12.40.11.jpeg\" alt=\"\" width=\"1200\" height=\"1600\" srcset=\"https:\/\/www.esbb.pt\/web\/wp-content\/uploads\/2023\/07\/WhatsApp-Image-2023-07-10-at-12.40.11.jpeg 1200w, https:\/\/www.esbb.pt\/web\/wp-content\/uploads\/2023\/07\/WhatsApp-Image-2023-07-10-at-12.40.11-225x300.jpeg 225w, https:\/\/www.esbb.pt\/web\/wp-content\/uploads\/2023\/07\/WhatsApp-Image-2023-07-10-at-12.40.11-768x1024.jpeg 768w, https:\/\/www.esbb.pt\/web\/wp-content\/uploads\/2023\/07\/WhatsApp-Image-2023-07-10-at-12.40.11-1152x1536.jpeg 1152w\" sizes=\"auto, (max-width: 1200px) 100vw, 1200px\" \/><\/a><\/p>\n","protected":false},"excerpt":{"rendered":"<p>No dia 10 de julho, pelas 12h, na ESBB, ocorreu a entrega dos certificados de duas a\u00e7\u00f5es realizadas pelo Centro Qualifica, no \u00e2mbito do Programa Eco-Escolas: &#8220;Oficina de Costura&#8221; e &#8220;Hortas Escolares e Compostagem&#8221;. Ficou patente o agrado e a satisfa\u00e7\u00e3o dos formandos pelos momentos de aprendizagem, partilha e conv\u00edvio amistoso que ambas as a\u00e7\u00f5es &#8230; <a title=\"A\u00e7\u00f5es de Forma\u00e7\u00e3o: Oficina de Costura | Hortas Escolares e Compostagem\" class=\"read-more\" href=\"https:\/\/www.esbb.pt\/web\/2023\/07\/13\/acoes-de-formacao-oficina-de-costura-hortas-escolares-e-compostagem\/\" aria-label=\"Leia mais sobre A\u00e7\u00f5es de Forma\u00e7\u00e3o: Oficina de Costura | Hortas Escolares e Compostagem\">Ler mais<\/a><\/p>\n","protected":false},"author":1,"featured_media":4497,"comment_status":"closed","ping_status":"open","sticky":false,"template":"","format":"standard","meta":{"footnotes":""},"categories":[1],"tags":[],"class_list":["post-4496","post","type-post","status-publish","format-standard","has-post-thumbnail","hentry","category-geral"],"_links":{"self":[{"href":"https:\/\/www.esbb.pt\/web\/wp-json\/wp\/v2\/posts\/4496","targetHints":{"allow":["GET"]}}],"collection":[{"href":"https:\/\/www.esbb.pt\/web\/wp-json\/wp\/v2\/posts"}],"about":[{"href":"https:\/\/www.esbb.pt\/web\/wp-json\/wp\/v2\/types\/post"}],"author":[{"embeddable":true,"href":"https:\/\/www.esbb.pt\/web\/wp-json\/wp\/v2\/users\/1"}],"replies":[{"embeddable":true,"href":"https:\/\/www.esbb.pt\/web\/wp-json\/wp\/v2\/comments?post=4496"}],"version-history":[{"count":1,"href":"https:\/\/www.esbb.pt\/web\/wp-json\/wp\/v2\/posts\/4496\/revisions"}],"predecessor-version":[{"id":4501,"href":"https:\/\/www.esbb.pt\/web\/wp-json\/wp\/v2\/posts\/4496\/revisions\/4501"}],"wp:featuredmedia":[{"embeddable":true,"href":"https:\/\/www.esbb.pt\/web\/wp-json\/wp\/v2\/media\/4497"}],"wp:attachment":[{"href":"https:\/\/www.esbb.pt\/web\/wp-json\/wp\/v2\/media?parent=4496"}],"wp:term":[{"taxonomy":"category","embeddable":true,"href":"https:\/\/www.esbb.pt\/web\/wp-json\/wp\/v2\/categories?post=4496"},{"taxonomy":"post_tag","embeddable":true,"href":"https:\/\/www.esbb.pt\/web\/wp-json\/wp\/v2\/tags?post=4496"}],"curies":[{"name":"wp","href":"https:\/\/api.w.org\/{rel}","templated":true}]}}