{"id":449,"date":"2015-04-30T11:10:15","date_gmt":"2015-04-30T10:10:15","guid":{"rendered":"http:\/\/www.esbb.pt\/web\/?p=449"},"modified":"2017-05-18T11:11:35","modified_gmt":"2017-05-18T10:11:35","slug":"encontros-em-igualdade-de-genero-esbb-pesumar","status":"publish","type":"post","link":"https:\/\/www.esbb.pt\/web\/2015\/04\/30\/encontros-em-igualdade-de-genero-esbb-pesumar\/","title":{"rendered":"\u201cENCONTROS EM IGUALDADE DE G\u00c9NERO\u201d &#8211; ESBB-PES\/UMAR"},"content":{"rendered":"<p><a href=\"http:\/\/www.esbb.pt\/web\/wp-content\/uploads\/2017\/05\/img554249db75380.jpg\"><img loading=\"lazy\" decoding=\"async\" class=\"alignnone size-full wp-image-450\" src=\"http:\/\/www.esbb.pt\/web\/wp-content\/uploads\/2017\/05\/img554249db75380.jpg\" alt=\"\" width=\"230\" height=\"150\" \/><\/a><\/p>\n<p>Na passada quarta-feira, dia 29 de abril, a turma do 12\u00ba A participou no projeto \u201cEncontros em Igualdade de G\u00e9nero\u201d promovido pela UMAR.<\/p>\n<p>Por estarem a trabalhar a tem\u00e1tica da figura feminina na obra liter\u00e1ria Memorial do Convento de Jos\u00e9 Saramago na disciplina de Portugu\u00eas, esta iniciativa foi muito prof\u00edcua pois permitiu refletir sobre as quest\u00f5es que se prendem com as (des)igualdades de g\u00e9nero, nas suas mais diversas dimens\u00f5es, de forma livre e cr\u00edtica.<\/p>\n<p>O grau de envolvimento dos alunos foi tal que, por solicita\u00e7\u00e3o dos mesmos, a UMAR ir\u00e1 regressar no final do ano letivo para mais uma sess\u00e3o.<\/p>\n<p>Para mais informa\u00e7\u00f5es visite: <a href=\"http:\/\/www.umarfeminismos.org\/index.php\/encontros-em-igualdade\" target=\"_blank\" rel=\"noopener noreferrer\">http:\/\/www.umarfeminismos.org\/index.php\/encontros-em-igualdade<\/a><\/p>\n<p><img decoding=\"async\" src=\"http:\/\/esbb.pt\/modules\/news\/images\/esbb_umar_02.jpg\" \/><\/p>\n","protected":false},"excerpt":{"rendered":"<p>Na passada quarta-feira, dia 29 de abril, a turma do 12\u00ba A participou no projeto \u201cEncontros em Igualdade de G\u00e9nero\u201d promovido pela UMAR. Por estarem a trabalhar a tem\u00e1tica da figura feminina na obra liter\u00e1ria Memorial do Convento de Jos\u00e9 Saramago na disciplina de Portugu\u00eas, esta iniciativa foi muito prof\u00edcua pois permitiu refletir sobre as &#8230; <a title=\"\u201cENCONTROS EM IGUALDADE DE G\u00c9NERO\u201d &#8211; ESBB-PES\/UMAR\" class=\"read-more\" href=\"https:\/\/www.esbb.pt\/web\/2015\/04\/30\/encontros-em-igualdade-de-genero-esbb-pesumar\/\" aria-label=\"Leia mais sobre \u201cENCONTROS EM IGUALDADE DE G\u00c9NERO\u201d &#8211; ESBB-PES\/UMAR\">Ler mais<\/a><\/p>\n","protected":false},"author":1,"featured_media":0,"comment_status":"closed","ping_status":"open","sticky":false,"template":"","format":"standard","meta":{"footnotes":""},"categories":[1],"tags":[],"class_list":["post-449","post","type-post","status-publish","format-standard","hentry","category-geral"],"_links":{"self":[{"href":"https:\/\/www.esbb.pt\/web\/wp-json\/wp\/v2\/posts\/449","targetHints":{"allow":["GET"]}}],"collection":[{"href":"https:\/\/www.esbb.pt\/web\/wp-json\/wp\/v2\/posts"}],"about":[{"href":"https:\/\/www.esbb.pt\/web\/wp-json\/wp\/v2\/types\/post"}],"author":[{"embeddable":true,"href":"https:\/\/www.esbb.pt\/web\/wp-json\/wp\/v2\/users\/1"}],"replies":[{"embeddable":true,"href":"https:\/\/www.esbb.pt\/web\/wp-json\/wp\/v2\/comments?post=449"}],"version-history":[{"count":1,"href":"https:\/\/www.esbb.pt\/web\/wp-json\/wp\/v2\/posts\/449\/revisions"}],"predecessor-version":[{"id":451,"href":"https:\/\/www.esbb.pt\/web\/wp-json\/wp\/v2\/posts\/449\/revisions\/451"}],"wp:attachment":[{"href":"https:\/\/www.esbb.pt\/web\/wp-json\/wp\/v2\/media?parent=449"}],"wp:term":[{"taxonomy":"category","embeddable":true,"href":"https:\/\/www.esbb.pt\/web\/wp-json\/wp\/v2\/categories?post=449"},{"taxonomy":"post_tag","embeddable":true,"href":"https:\/\/www.esbb.pt\/web\/wp-json\/wp\/v2\/tags?post=449"}],"curies":[{"name":"wp","href":"https:\/\/api.w.org\/{rel}","templated":true}]}}