{"id":440,"date":"2015-04-13T11:06:11","date_gmt":"2015-04-13T10:06:11","guid":{"rendered":"http:\/\/www.esbb.pt\/web\/?p=440"},"modified":"2017-05-18T11:07:06","modified_gmt":"2017-05-18T10:07:06","slug":"20-de-marco-leitura-verde-plantar-a-arvore-e-a-palavra","status":"publish","type":"post","link":"https:\/\/www.esbb.pt\/web\/2015\/04\/13\/20-de-marco-leitura-verde-plantar-a-arvore-e-a-palavra\/","title":{"rendered":"20 de mar\u00e7o &#8211; Leitura Verde &#8211; Plantar a \u00e1rvore e a palavra"},"content":{"rendered":"<p><a href=\"http:\/\/www.esbb.pt\/web\/wp-content\/uploads\/2017\/05\/img552baf5e12e30.jpg\"><img loading=\"lazy\" decoding=\"async\" class=\"alignnone size-full wp-image-441\" src=\"http:\/\/www.esbb.pt\/web\/wp-content\/uploads\/2017\/05\/img552baf5e12e30.jpg\" alt=\"\" width=\"230\" height=\"150\" \/><\/a><\/p>\n<p>Realizou-se no \u00faltimo dia de aulas do 2\u00ba per\u00edodo uma atividade de comemora\u00e7\u00e3o do Dia Mundial da \u00c1rvore e da Poesia na ESBB.<\/p>\n<p>A data foi assinalada com a planta\u00e7\u00e3o de duas novas \u00e1rvores no p\u00e1tio da escola, seguida da leitura do poema &#8220;Cada \u00e1rvore \u00e9 um ser para ser em n\u00f3s&#8221;, do poeta Ant\u00f3nio Ramos Rosa, pelos alunos.<\/p>\n<p><img decoding=\"async\" src=\"http:\/\/esbb.pt\/modules\/news\/images\/esbb_leitura_verde_01.jpg\" \/><\/p>\n","protected":false},"excerpt":{"rendered":"<p>Realizou-se no \u00faltimo dia de aulas do 2\u00ba per\u00edodo uma atividade de comemora\u00e7\u00e3o do Dia Mundial da \u00c1rvore e da Poesia na ESBB. A data foi assinalada com a planta\u00e7\u00e3o de duas novas \u00e1rvores no p\u00e1tio da escola, seguida da leitura do poema &#8220;Cada \u00e1rvore \u00e9 um ser para ser em n\u00f3s&#8221;, do poeta Ant\u00f3nio &#8230; <a title=\"20 de mar\u00e7o &#8211; Leitura Verde &#8211; Plantar a \u00e1rvore e a palavra\" class=\"read-more\" href=\"https:\/\/www.esbb.pt\/web\/2015\/04\/13\/20-de-marco-leitura-verde-plantar-a-arvore-e-a-palavra\/\" aria-label=\"Leia mais sobre 20 de mar\u00e7o &#8211; Leitura Verde &#8211; Plantar a \u00e1rvore e a palavra\">Ler mais<\/a><\/p>\n","protected":false},"author":1,"featured_media":0,"comment_status":"closed","ping_status":"open","sticky":false,"template":"","format":"standard","meta":{"footnotes":""},"categories":[1],"tags":[],"class_list":["post-440","post","type-post","status-publish","format-standard","hentry","category-geral"],"_links":{"self":[{"href":"https:\/\/www.esbb.pt\/web\/wp-json\/wp\/v2\/posts\/440","targetHints":{"allow":["GET"]}}],"collection":[{"href":"https:\/\/www.esbb.pt\/web\/wp-json\/wp\/v2\/posts"}],"about":[{"href":"https:\/\/www.esbb.pt\/web\/wp-json\/wp\/v2\/types\/post"}],"author":[{"embeddable":true,"href":"https:\/\/www.esbb.pt\/web\/wp-json\/wp\/v2\/users\/1"}],"replies":[{"embeddable":true,"href":"https:\/\/www.esbb.pt\/web\/wp-json\/wp\/v2\/comments?post=440"}],"version-history":[{"count":1,"href":"https:\/\/www.esbb.pt\/web\/wp-json\/wp\/v2\/posts\/440\/revisions"}],"predecessor-version":[{"id":442,"href":"https:\/\/www.esbb.pt\/web\/wp-json\/wp\/v2\/posts\/440\/revisions\/442"}],"wp:attachment":[{"href":"https:\/\/www.esbb.pt\/web\/wp-json\/wp\/v2\/media?parent=440"}],"wp:term":[{"taxonomy":"category","embeddable":true,"href":"https:\/\/www.esbb.pt\/web\/wp-json\/wp\/v2\/categories?post=440"},{"taxonomy":"post_tag","embeddable":true,"href":"https:\/\/www.esbb.pt\/web\/wp-json\/wp\/v2\/tags?post=440"}],"curies":[{"name":"wp","href":"https:\/\/api.w.org\/{rel}","templated":true}]}}