{"id":4368,"date":"2023-02-22T10:25:01","date_gmt":"2023-02-22T10:25:01","guid":{"rendered":"https:\/\/www.esbb.pt\/web\/?p=4368"},"modified":"2023-02-22T10:53:22","modified_gmt":"2023-02-22T10:53:22","slug":"4368","status":"publish","type":"post","link":"https:\/\/www.esbb.pt\/web\/2023\/02\/22\/4368\/","title":{"rendered":"Oficina de Costura"},"content":{"rendered":"<p>A ind\u00fastria t\u00eaxtil e de vestu\u00e1rio \u00e9 um dos setores mais poluentes, logo a seguir \u00e0 constru\u00e7\u00e3o, transportes e alimenta\u00e7\u00e3o. Isso deve-se ao forte impacto que tem no uso da terra, na polui\u00e7\u00e3o da \u00e1gua e at\u00e9 nas emiss\u00f5es de gases com efeito estufa, em todas as fases do processo: produ\u00e7\u00e3o, distribui\u00e7\u00e3o, consumo e destino final dos res\u00edduos. \u00c9, por isso, importante alertar para o impacto negativo que representa para o nosso planeta.<\/p>\n<p>De forma a inspirar a\u00e7\u00f5es que tragam mais circularidade a este setor, \u00e9 com muito gosto que anunciamos a estreia da Oficina de Costura &#8211; O lixo est\u00e1 fora de moda!<\/p>\n<p>Nesta oficina de Upcycling, com a ajuda de duas parceiras da nossa comunidade, a D. Alice e a D. Am\u00e9lia, o desafio ser\u00e1 realizar trabalhos de reutiliza\u00e7\u00e3o de tecidos.<\/p>\n<p>O primeiro encontro est\u00e1 marcado para o dia 1 de mar\u00e7o, das 15h \u00e0s 16:30, no bloco G.<\/p>\n<p>A participa\u00e7\u00e3o \u00e9 gratuita, est\u00e1 direcionada para toda a comunidade escolar (alunos, professores, pais e encarregados de educa\u00e7\u00e3o, assistentes t\u00e9cninos, assistentes operacionais, assistentes administrativos) e a inscri\u00e7\u00e3o deve ser feita atrav\u00e9s do e-mail eco-escolas@esbb.pt<\/p>\n<p>Esperamos com entusiasmo a vossa participa\u00e7\u00e3o!<\/p>\n<p>Eco-sauda\u00e7\u00f5es &#x1f30d;&#x1f333;<\/p>\n<p>&nbsp;<\/p>\n","protected":false},"excerpt":{"rendered":"<p>A ind\u00fastria t\u00eaxtil e de vestu\u00e1rio \u00e9 um dos setores mais poluentes, logo a seguir \u00e0 constru\u00e7\u00e3o, transportes e alimenta\u00e7\u00e3o. Isso deve-se ao forte impacto que tem no uso da terra, na polui\u00e7\u00e3o da \u00e1gua e at\u00e9 nas emiss\u00f5es de gases com efeito estufa, em todas as fases do processo: produ\u00e7\u00e3o, distribui\u00e7\u00e3o, consumo e destino &#8230; <a title=\"Oficina de Costura\" class=\"read-more\" href=\"https:\/\/www.esbb.pt\/web\/2023\/02\/22\/4368\/\" aria-label=\"Leia mais sobre Oficina de Costura\">Ler mais<\/a><\/p>\n","protected":false},"author":1,"featured_media":4370,"comment_status":"closed","ping_status":"open","sticky":false,"template":"","format":"standard","meta":{"footnotes":""},"categories":[1],"tags":[],"class_list":["post-4368","post","type-post","status-publish","format-standard","has-post-thumbnail","hentry","category-geral"],"_links":{"self":[{"href":"https:\/\/www.esbb.pt\/web\/wp-json\/wp\/v2\/posts\/4368","targetHints":{"allow":["GET"]}}],"collection":[{"href":"https:\/\/www.esbb.pt\/web\/wp-json\/wp\/v2\/posts"}],"about":[{"href":"https:\/\/www.esbb.pt\/web\/wp-json\/wp\/v2\/types\/post"}],"author":[{"embeddable":true,"href":"https:\/\/www.esbb.pt\/web\/wp-json\/wp\/v2\/users\/1"}],"replies":[{"embeddable":true,"href":"https:\/\/www.esbb.pt\/web\/wp-json\/wp\/v2\/comments?post=4368"}],"version-history":[{"count":2,"href":"https:\/\/www.esbb.pt\/web\/wp-json\/wp\/v2\/posts\/4368\/revisions"}],"predecessor-version":[{"id":4372,"href":"https:\/\/www.esbb.pt\/web\/wp-json\/wp\/v2\/posts\/4368\/revisions\/4372"}],"wp:featuredmedia":[{"embeddable":true,"href":"https:\/\/www.esbb.pt\/web\/wp-json\/wp\/v2\/media\/4370"}],"wp:attachment":[{"href":"https:\/\/www.esbb.pt\/web\/wp-json\/wp\/v2\/media?parent=4368"}],"wp:term":[{"taxonomy":"category","embeddable":true,"href":"https:\/\/www.esbb.pt\/web\/wp-json\/wp\/v2\/categories?post=4368"},{"taxonomy":"post_tag","embeddable":true,"href":"https:\/\/www.esbb.pt\/web\/wp-json\/wp\/v2\/tags?post=4368"}],"curies":[{"name":"wp","href":"https:\/\/api.w.org\/{rel}","templated":true}]}}