{"id":433,"date":"2015-04-08T11:01:27","date_gmt":"2015-04-08T10:01:27","guid":{"rendered":"http:\/\/www.esbb.pt\/web\/?p=433"},"modified":"2017-05-18T11:05:11","modified_gmt":"2017-05-18T10:05:11","slug":"portas-abertas-esbb-um-dia-no-ensino-secundario","status":"publish","type":"post","link":"https:\/\/www.esbb.pt\/web\/2015\/04\/08\/portas-abertas-esbb-um-dia-no-ensino-secundario\/","title":{"rendered":"Portas Abertas &#8211; ESBB | Um dia no ensino Secund\u00e1rio"},"content":{"rendered":"<p><a href=\"http:\/\/www.esbb.pt\/web\/wp-content\/uploads\/2015\/04\/img5524f4d863bee.jpg\"><img loading=\"lazy\" decoding=\"async\" class=\"alignnone size-full wp-image-438\" src=\"http:\/\/www.esbb.pt\/web\/wp-content\/uploads\/2015\/04\/img5524f4d863bee.jpg\" alt=\"\" width=\"230\" height=\"150\" \/><\/a><\/p>\n<p>Esta iniciativa destina-se a todos os estudantes do 9\u00ba ano da nossa regi\u00e3o interessados em descobrir um pouco mais sobre como \u00e9 estudar na Escola Secund\u00e1ria da Baixa da Banheira.<\/p>\n<p>A iniciativa Um dia no ensino Secund\u00e1rio tem a dura\u00e7\u00e3o de uma manh\u00e3 onde ficam a conhecer melhor a nossa oferta formativa e as instala\u00e7\u00f5es da nossa Escola. T\u00eam ainda a possibilidade de esclarecer d\u00favidas com professores e estudantes, para al\u00e9m de participarem em aulas do ensino secund\u00e1rio das diferentes \u00e1reas de estudo.<\/p>\n<p><img decoding=\"async\" src=\"http:\/\/esbb.pt\/modules\/news\/images\/esbb_Um_dia_ensino_Secundario_01.jpg\" \/><\/p>\n","protected":false},"excerpt":{"rendered":"<p>Esta iniciativa destina-se a todos os estudantes do 9\u00ba ano da nossa regi\u00e3o interessados em descobrir um pouco mais sobre como \u00e9 estudar na Escola Secund\u00e1ria da Baixa da Banheira. A iniciativa Um dia no ensino Secund\u00e1rio tem a dura\u00e7\u00e3o de uma manh\u00e3 onde ficam a conhecer melhor a nossa oferta formativa e as instala\u00e7\u00f5es &#8230; <a title=\"Portas Abertas &#8211; ESBB | Um dia no ensino Secund\u00e1rio\" class=\"read-more\" href=\"https:\/\/www.esbb.pt\/web\/2015\/04\/08\/portas-abertas-esbb-um-dia-no-ensino-secundario\/\" aria-label=\"Leia mais sobre Portas Abertas &#8211; ESBB | Um dia no ensino Secund\u00e1rio\">Ler mais<\/a><\/p>\n","protected":false},"author":1,"featured_media":0,"comment_status":"closed","ping_status":"open","sticky":false,"template":"","format":"standard","meta":{"footnotes":""},"categories":[1],"tags":[],"class_list":["post-433","post","type-post","status-publish","format-standard","hentry","category-geral"],"_links":{"self":[{"href":"https:\/\/www.esbb.pt\/web\/wp-json\/wp\/v2\/posts\/433","targetHints":{"allow":["GET"]}}],"collection":[{"href":"https:\/\/www.esbb.pt\/web\/wp-json\/wp\/v2\/posts"}],"about":[{"href":"https:\/\/www.esbb.pt\/web\/wp-json\/wp\/v2\/types\/post"}],"author":[{"embeddable":true,"href":"https:\/\/www.esbb.pt\/web\/wp-json\/wp\/v2\/users\/1"}],"replies":[{"embeddable":true,"href":"https:\/\/www.esbb.pt\/web\/wp-json\/wp\/v2\/comments?post=433"}],"version-history":[{"count":5,"href":"https:\/\/www.esbb.pt\/web\/wp-json\/wp\/v2\/posts\/433\/revisions"}],"predecessor-version":[{"id":439,"href":"https:\/\/www.esbb.pt\/web\/wp-json\/wp\/v2\/posts\/433\/revisions\/439"}],"wp:attachment":[{"href":"https:\/\/www.esbb.pt\/web\/wp-json\/wp\/v2\/media?parent=433"}],"wp:term":[{"taxonomy":"category","embeddable":true,"href":"https:\/\/www.esbb.pt\/web\/wp-json\/wp\/v2\/categories?post=433"},{"taxonomy":"post_tag","embeddable":true,"href":"https:\/\/www.esbb.pt\/web\/wp-json\/wp\/v2\/tags?post=433"}],"curies":[{"name":"wp","href":"https:\/\/api.w.org\/{rel}","templated":true}]}}