{"id":430,"date":"2015-04-08T10:58:56","date_gmt":"2015-04-08T09:58:56","guid":{"rendered":"http:\/\/www.esbb.pt\/web\/?p=430"},"modified":"2017-05-18T11:00:47","modified_gmt":"2017-05-18T10:00:47","slug":"12-o-ano-e-agora-encontro-com-os-caminhos-profissionais","status":"publish","type":"post","link":"https:\/\/www.esbb.pt\/web\/2015\/04\/08\/12-o-ano-e-agora-encontro-com-os-caminhos-profissionais\/","title":{"rendered":"12.\u00ba ano e agora? | Encontro com os caminhos profissionais"},"content":{"rendered":"<p><a href=\"http:\/\/www.esbb.pt\/web\/wp-content\/uploads\/2017\/05\/img5524f18e08bc9.jpg\"><img loading=\"lazy\" decoding=\"async\" class=\"alignnone size-full wp-image-431\" src=\"http:\/\/www.esbb.pt\/web\/wp-content\/uploads\/2017\/05\/img5524f18e08bc9.jpg\" alt=\"\" width=\"230\" height=\"150\" \/><\/a><\/p>\n<p>O contacto com profissionais da \u00e1rea, palestras sobre carreiras e o perfil profissional exigido no mercado de trabalho s\u00e3o alguns dos temas abordados no \u00e2mbito do projeto: 12.\u00ba ano e agora?| Encontro com os caminhos profissionais de Aconselhamento Vocacional assegurado pela equipa de t\u00e9cnicos especializados do Gabinete Apoio Aluno e \u00e0 Fam\u00edlia da nossa escola.<\/p>\n<p>Neste sentido, no passado dia 24 de Mar\u00e7o, os alunos do 12.\u00ba ano, visitaram a Cidade Universit\u00e1ria, tendo a possibilidade de conhecer as instala\u00e7\u00f5es da Faculdade de Ci\u00eancias da Universidade de Lisboa assim como da Universidade Lus\u00f3fona. Nesta visita, para al\u00e9m de terem a possibilidade de contactar com uma realidade diferente, realizaram atividades de acordo com as suas \u00e1reas de estudo.<\/p>\n<p><img decoding=\"async\" src=\"http:\/\/esbb.pt\/modules\/news\/images\/esbb_Encontro_com_os_caminhos_profissionais_01.jpg\" \/><\/p>\n","protected":false},"excerpt":{"rendered":"<p>O contacto com profissionais da \u00e1rea, palestras sobre carreiras e o perfil profissional exigido no mercado de trabalho s\u00e3o alguns dos temas abordados no \u00e2mbito do projeto: 12.\u00ba ano e agora?| Encontro com os caminhos profissionais de Aconselhamento Vocacional assegurado pela equipa de t\u00e9cnicos especializados do Gabinete Apoio Aluno e \u00e0 Fam\u00edlia da nossa escola. &#8230; <a title=\"12.\u00ba ano e agora? | Encontro com os caminhos profissionais\" class=\"read-more\" href=\"https:\/\/www.esbb.pt\/web\/2015\/04\/08\/12-o-ano-e-agora-encontro-com-os-caminhos-profissionais\/\" aria-label=\"Leia mais sobre 12.\u00ba ano e agora? | Encontro com os caminhos profissionais\">Ler mais<\/a><\/p>\n","protected":false},"author":1,"featured_media":0,"comment_status":"closed","ping_status":"open","sticky":false,"template":"","format":"standard","meta":{"footnotes":""},"categories":[1],"tags":[],"class_list":["post-430","post","type-post","status-publish","format-standard","hentry","category-geral"],"_links":{"self":[{"href":"https:\/\/www.esbb.pt\/web\/wp-json\/wp\/v2\/posts\/430","targetHints":{"allow":["GET"]}}],"collection":[{"href":"https:\/\/www.esbb.pt\/web\/wp-json\/wp\/v2\/posts"}],"about":[{"href":"https:\/\/www.esbb.pt\/web\/wp-json\/wp\/v2\/types\/post"}],"author":[{"embeddable":true,"href":"https:\/\/www.esbb.pt\/web\/wp-json\/wp\/v2\/users\/1"}],"replies":[{"embeddable":true,"href":"https:\/\/www.esbb.pt\/web\/wp-json\/wp\/v2\/comments?post=430"}],"version-history":[{"count":1,"href":"https:\/\/www.esbb.pt\/web\/wp-json\/wp\/v2\/posts\/430\/revisions"}],"predecessor-version":[{"id":432,"href":"https:\/\/www.esbb.pt\/web\/wp-json\/wp\/v2\/posts\/430\/revisions\/432"}],"wp:attachment":[{"href":"https:\/\/www.esbb.pt\/web\/wp-json\/wp\/v2\/media?parent=430"}],"wp:term":[{"taxonomy":"category","embeddable":true,"href":"https:\/\/www.esbb.pt\/web\/wp-json\/wp\/v2\/categories?post=430"},{"taxonomy":"post_tag","embeddable":true,"href":"https:\/\/www.esbb.pt\/web\/wp-json\/wp\/v2\/tags?post=430"}],"curies":[{"name":"wp","href":"https:\/\/api.w.org\/{rel}","templated":true}]}}