{"id":4292,"date":"2022-06-20T17:12:50","date_gmt":"2022-06-20T16:12:50","guid":{"rendered":"https:\/\/www.esbb.pt\/web\/?p=4292"},"modified":"2022-06-20T17:12:50","modified_gmt":"2022-06-20T16:12:50","slug":"projeto-recicla-te","status":"publish","type":"post","link":"https:\/\/www.esbb.pt\/web\/2022\/06\/20\/projeto-recicla-te\/","title":{"rendered":"Projeto Recicla-te"},"content":{"rendered":"<p>O Projeto <strong><em>Recicla-te<\/em><\/strong> come\u00e7ou numa aula de Sa\u00fade e Seguran\u00e7a, com a turma do Curso Profissional de T\u00e9cnico de Farm\u00e1cia.<\/p>\n<p>Ap\u00f3s uma conversa sobre a separa\u00e7\u00e3o do lixo e a reciclagem, muitos dos alunos admitiram que n\u00e3o faziam separa\u00e7\u00e3o nem em casa nem na Escola.<\/p>\n<p>Os alunos realizaram, ent\u00e3o, uma atividade de recolher do ch\u00e3o da escola todo o lixo que encontrassem. Depois da recolha, juntaram todos os res\u00edduos e fizeram a sua separa\u00e7\u00e3o, constatando que a maioria dos res\u00edduos encontrados eram de pl\u00e1stico e de metal.<\/p>\n<p><a href=\"https:\/\/www.esbb.pt\/web\/wp-content\/uploads\/2022\/06\/image.png\"><img loading=\"lazy\" decoding=\"async\" class=\"alignnone size-full wp-image-4305\" src=\"https:\/\/www.esbb.pt\/web\/wp-content\/uploads\/2022\/06\/image.png\" alt=\"\" width=\"926\" height=\"694\" srcset=\"https:\/\/www.esbb.pt\/web\/wp-content\/uploads\/2022\/06\/image.png 926w, https:\/\/www.esbb.pt\/web\/wp-content\/uploads\/2022\/06\/image-300x225.png 300w, https:\/\/www.esbb.pt\/web\/wp-content\/uploads\/2022\/06\/image-768x576.png 768w\" sizes=\"auto, (max-width: 926px) 100vw, 926px\" \/><\/a><\/p>\n<p>Assim, durante este ano letivo, os alunos realizaram v\u00e1rias atividades:<\/p>\n<ul>\n<li>Elaboraram cartazes para chamar a aten\u00e7\u00e3o sobre a necessidade de separar o lixo, que foram espalhados por v\u00e1rias zonas da escola.<\/li>\n<\/ul>\n<p><a href=\"https:\/\/www.esbb.pt\/web\/wp-content\/uploads\/2022\/06\/13.png\"><img loading=\"lazy\" decoding=\"async\" class=\"alignnone size-full wp-image-4304\" src=\"https:\/\/www.esbb.pt\/web\/wp-content\/uploads\/2022\/06\/13.png\" alt=\"\" width=\"968\" height=\"727\" srcset=\"https:\/\/www.esbb.pt\/web\/wp-content\/uploads\/2022\/06\/13.png 968w, https:\/\/www.esbb.pt\/web\/wp-content\/uploads\/2022\/06\/13-300x225.png 300w, https:\/\/www.esbb.pt\/web\/wp-content\/uploads\/2022\/06\/13-768x577.png 768w\" sizes=\"auto, (max-width: 968px) 100vw, 968px\" \/><\/a><\/p>\n<ul>\n<li>Compuseram e gravaram, no Centro de Experimenta\u00e7\u00e3o Art\u00edstica do Vale da Amoreira, uma m\u00fasica sobre a import\u00e2ncia de reciclar intitulada &#8220;Recicla-te!&#8221;<\/li>\n<\/ul>\n<p><a href=\"https:\/\/www.esbb.pt\/web\/wp-content\/uploads\/2022\/06\/08.png\"><img loading=\"lazy\" decoding=\"async\" class=\"alignnone size-full wp-image-4300\" src=\"https:\/\/www.esbb.pt\/web\/wp-content\/uploads\/2022\/06\/08.png\" alt=\"\" width=\"627\" height=\"471\" srcset=\"https:\/\/www.esbb.pt\/web\/wp-content\/uploads\/2022\/06\/08.png 627w, https:\/\/www.esbb.pt\/web\/wp-content\/uploads\/2022\/06\/08-300x225.png 300w\" sizes=\"auto, (max-width: 627px) 100vw, 627px\" \/><\/a><br \/>\n<a href=\"https:\/\/www.esbb.pt\/web\/wp-content\/uploads\/2022\/06\/12.png\"><img loading=\"lazy\" decoding=\"async\" class=\"alignnone size-full wp-image-4303\" src=\"https:\/\/www.esbb.pt\/web\/wp-content\/uploads\/2022\/06\/12.png\" alt=\"\" width=\"1924\" height=\"627\" srcset=\"https:\/\/www.esbb.pt\/web\/wp-content\/uploads\/2022\/06\/12.png 1924w, https:\/\/www.esbb.pt\/web\/wp-content\/uploads\/2022\/06\/12-300x98.png 300w, https:\/\/www.esbb.pt\/web\/wp-content\/uploads\/2022\/06\/12-1024x334.png 1024w, https:\/\/www.esbb.pt\/web\/wp-content\/uploads\/2022\/06\/12-768x250.png 768w, https:\/\/www.esbb.pt\/web\/wp-content\/uploads\/2022\/06\/12-1536x501.png 1536w\" sizes=\"auto, (max-width: 1924px) 100vw, 1924px\" \/><\/a><\/p>\n<ul>\n<li>Colocaram atrav\u00e9s de uma parceria com a C\u00e2mara Municipal da Moita e a Amarsul:<\/li>\n<\/ul>\n<p>&#8211; 6 ecopontos amarelos \u00e0 entrada de cada um dos blocos da escola;<\/p>\n<p>&#8211; sacos de separa\u00e7\u00e3o de lixo, amarelo e azul, em todas as salas.<\/p>\n<p><a href=\"https:\/\/www.esbb.pt\/web\/wp-content\/uploads\/2022\/06\/10.png\"><img loading=\"lazy\" decoding=\"async\" class=\"alignnone size-full wp-image-4301\" src=\"https:\/\/www.esbb.pt\/web\/wp-content\/uploads\/2022\/06\/10.png\" alt=\"\" width=\"800\" height=\"598\" srcset=\"https:\/\/www.esbb.pt\/web\/wp-content\/uploads\/2022\/06\/10.png 800w, https:\/\/www.esbb.pt\/web\/wp-content\/uploads\/2022\/06\/10-300x224.png 300w, https:\/\/www.esbb.pt\/web\/wp-content\/uploads\/2022\/06\/10-768x574.png 768w\" sizes=\"auto, (max-width: 800px) 100vw, 800px\" \/><\/a><\/p>\n<ul>\n<li>Procederam, de 2 em 2 semanas, \u00e0 recolha do lixo recicl\u00e1vel em todas as salas e depositaram-no nos respetivos ecopontos exteriores da escola.<\/li>\n<li>Uma vez, por m\u00eas, fizeram a recolha de lixo no ch\u00e3o da escola.<\/li>\n<\/ul>\n<ul>\n<li>Apresentaram este mesmo projeto, no dia 09\/06, na\u00a0iniciativa &#8220;Agarra essa Ideia&#8221;, no \u00e2mbito do projeto IGNITE Moita, organizado pelo Contrato Local de Desenvolvimento Social 4G &#8220;Moita Intervir para Incluir&#8221;, em parceria com o IGNITE Portugal.<\/li>\n<\/ul>\n<p><a href=\"https:\/\/www.esbb.pt\/web\/wp-content\/uploads\/2022\/06\/11.png\"><img loading=\"lazy\" decoding=\"async\" class=\"alignnone size-full wp-image-4302\" src=\"https:\/\/www.esbb.pt\/web\/wp-content\/uploads\/2022\/06\/11.png\" alt=\"\" width=\"1000\" height=\"667\" srcset=\"https:\/\/www.esbb.pt\/web\/wp-content\/uploads\/2022\/06\/11.png 1000w, https:\/\/www.esbb.pt\/web\/wp-content\/uploads\/2022\/06\/11-300x200.png 300w, https:\/\/www.esbb.pt\/web\/wp-content\/uploads\/2022\/06\/11-768x512.png 768w, https:\/\/www.esbb.pt\/web\/wp-content\/uploads\/2022\/06\/11-272x182.png 272w\" sizes=\"auto, (max-width: 1000px) 100vw, 1000px\" \/><\/a><\/p>\n<p><strong>No pr\u00f3ximo ano<\/strong>, pretende-se estender este projeto a mais turmas de todo o Agrupamento e dinamizar v\u00e1rias palestras sobre a import\u00e2ncia de separar o lixo e qual a forma correta de o fazer, de forma a que todos ganhem consci\u00eancia da import\u00e2ncia deste ato.<\/p>\n","protected":false},"excerpt":{"rendered":"<p>O Projeto Recicla-te come\u00e7ou numa aula de Sa\u00fade e Seguran\u00e7a, com a turma do Curso Profissional de T\u00e9cnico de Farm\u00e1cia. Ap\u00f3s uma conversa sobre a separa\u00e7\u00e3o do lixo e a reciclagem, muitos dos alunos admitiram que n\u00e3o faziam separa\u00e7\u00e3o nem em casa nem na Escola. Os alunos realizaram, ent\u00e3o, uma atividade de recolher do ch\u00e3o &#8230; <a title=\"Projeto Recicla-te\" class=\"read-more\" href=\"https:\/\/www.esbb.pt\/web\/2022\/06\/20\/projeto-recicla-te\/\" aria-label=\"Leia mais sobre Projeto Recicla-te\">Ler mais<\/a><\/p>\n","protected":false},"author":1,"featured_media":4304,"comment_status":"closed","ping_status":"open","sticky":false,"template":"","format":"standard","meta":{"footnotes":""},"categories":[1],"tags":[],"class_list":["post-4292","post","type-post","status-publish","format-standard","has-post-thumbnail","hentry","category-geral"],"_links":{"self":[{"href":"https:\/\/www.esbb.pt\/web\/wp-json\/wp\/v2\/posts\/4292","targetHints":{"allow":["GET"]}}],"collection":[{"href":"https:\/\/www.esbb.pt\/web\/wp-json\/wp\/v2\/posts"}],"about":[{"href":"https:\/\/www.esbb.pt\/web\/wp-json\/wp\/v2\/types\/post"}],"author":[{"embeddable":true,"href":"https:\/\/www.esbb.pt\/web\/wp-json\/wp\/v2\/users\/1"}],"replies":[{"embeddable":true,"href":"https:\/\/www.esbb.pt\/web\/wp-json\/wp\/v2\/comments?post=4292"}],"version-history":[{"count":1,"href":"https:\/\/www.esbb.pt\/web\/wp-json\/wp\/v2\/posts\/4292\/revisions"}],"predecessor-version":[{"id":4306,"href":"https:\/\/www.esbb.pt\/web\/wp-json\/wp\/v2\/posts\/4292\/revisions\/4306"}],"wp:featuredmedia":[{"embeddable":true,"href":"https:\/\/www.esbb.pt\/web\/wp-json\/wp\/v2\/media\/4304"}],"wp:attachment":[{"href":"https:\/\/www.esbb.pt\/web\/wp-json\/wp\/v2\/media?parent=4292"}],"wp:term":[{"taxonomy":"category","embeddable":true,"href":"https:\/\/www.esbb.pt\/web\/wp-json\/wp\/v2\/categories?post=4292"},{"taxonomy":"post_tag","embeddable":true,"href":"https:\/\/www.esbb.pt\/web\/wp-json\/wp\/v2\/tags?post=4292"}],"curies":[{"name":"wp","href":"https:\/\/api.w.org\/{rel}","templated":true}]}}