{"id":4245,"date":"2022-04-11T13:18:48","date_gmt":"2022-04-11T12:18:48","guid":{"rendered":"https:\/\/www.esbb.pt\/web\/?p=4245"},"modified":"2022-04-11T13:23:56","modified_gmt":"2022-04-11T12:23:56","slug":"boccia","status":"publish","type":"post","link":"https:\/\/www.esbb.pt\/web\/2022\/04\/11\/boccia\/","title":{"rendered":"BOCCIA"},"content":{"rendered":"<p>No passado dia 30 de mar\u00e7o de 2022, realizou-se na Escola Secund\u00e1ria da Moita o torneio de Boccia. Foi com grande satisfa\u00e7\u00e3o que os alunos dos dois grupos\/equipa participaram com empenho e entusiasmo, duas equipas tiveram passagem\u00a0 direta para o Pr\u00e9-regional de dia 2 de abril,\u00a0 onde alcan\u00e7aram o 2\u00ba lugar na fase de grupos.<\/p>\n<p>Em meu nome e do Agrupamento agrade\u00e7o a disponibilidade dos colegas\/auxiliares e Encarregados de Educa\u00e7\u00e3o que acompanharam os alunos nesta Aventura.<\/p>\n<p>Um grande obrigada e muitos parab\u00e9ns \u00e0s incans\u00e1veis \u00e1rbitras\u00a0 que acompanharam as equipas e realizaram o curso de n\u00edvel 2 com sucesso.<\/p>\n<p>\u00a0<\/p>\n<p>\u00a0<\/p>\n\n\n<figure class=\"wp-block-gallery has-nested-images columns-default is-cropped wp-block-gallery-1 is-layout-flex wp-block-gallery-is-layout-flex\">\n<figure class=\"wp-block-image size-large\"><img loading=\"lazy\" decoding=\"async\" width=\"452\" height=\"231\" data-id=\"4250\" src=\"https:\/\/www.esbb.pt\/web\/wp-content\/uploads\/2022\/04\/ESBB_Boccia_05.jpg\" alt=\"\" class=\"wp-image-4250\" srcset=\"https:\/\/www.esbb.pt\/web\/wp-content\/uploads\/2022\/04\/ESBB_Boccia_05.jpg 452w, https:\/\/www.esbb.pt\/web\/wp-content\/uploads\/2022\/04\/ESBB_Boccia_05-300x153.jpg 300w\" sizes=\"auto, (max-width: 452px) 100vw, 452px\" \/><\/figure>\n\n\n\n<figure class=\"wp-block-image size-large\"><img loading=\"lazy\" decoding=\"async\" width=\"324\" height=\"243\" data-id=\"4246\" src=\"https:\/\/www.esbb.pt\/web\/wp-content\/uploads\/2022\/04\/ESBB_Boccia_01.jpg\" alt=\"\" class=\"wp-image-4246\" srcset=\"https:\/\/www.esbb.pt\/web\/wp-content\/uploads\/2022\/04\/ESBB_Boccia_01.jpg 324w, https:\/\/www.esbb.pt\/web\/wp-content\/uploads\/2022\/04\/ESBB_Boccia_01-300x225.jpg 300w\" sizes=\"auto, (max-width: 324px) 100vw, 324px\" \/><\/figure>\n\n\n\n<figure class=\"wp-block-image size-large\"><img loading=\"lazy\" decoding=\"async\" width=\"395\" height=\"296\" data-id=\"4247\" src=\"https:\/\/www.esbb.pt\/web\/wp-content\/uploads\/2022\/04\/ESBB_Boccia_02.jpg\" alt=\"\" class=\"wp-image-4247\" srcset=\"https:\/\/www.esbb.pt\/web\/wp-content\/uploads\/2022\/04\/ESBB_Boccia_02.jpg 395w, https:\/\/www.esbb.pt\/web\/wp-content\/uploads\/2022\/04\/ESBB_Boccia_02-300x225.jpg 300w\" sizes=\"auto, (max-width: 395px) 100vw, 395px\" \/><\/figure>\n\n\n\n<figure class=\"wp-block-image size-large\"><img loading=\"lazy\" decoding=\"async\" width=\"390\" height=\"293\" data-id=\"4248\" src=\"https:\/\/www.esbb.pt\/web\/wp-content\/uploads\/2022\/04\/ESBB_Boccia_03.jpg\" alt=\"\" class=\"wp-image-4248\" srcset=\"https:\/\/www.esbb.pt\/web\/wp-content\/uploads\/2022\/04\/ESBB_Boccia_03.jpg 390w, https:\/\/www.esbb.pt\/web\/wp-content\/uploads\/2022\/04\/ESBB_Boccia_03-300x225.jpg 300w\" sizes=\"auto, (max-width: 390px) 100vw, 390px\" \/><\/figure>\n\n\n\n<figure class=\"wp-block-image size-large\"><img loading=\"lazy\" decoding=\"async\" width=\"265\" height=\"354\" data-id=\"4249\" src=\"https:\/\/www.esbb.pt\/web\/wp-content\/uploads\/2022\/04\/ESBB_Boccia_04.jpg\" alt=\"\" class=\"wp-image-4249\" srcset=\"https:\/\/www.esbb.pt\/web\/wp-content\/uploads\/2022\/04\/ESBB_Boccia_04.jpg 265w, https:\/\/www.esbb.pt\/web\/wp-content\/uploads\/2022\/04\/ESBB_Boccia_04-225x300.jpg 225w\" sizes=\"auto, (max-width: 265px) 100vw, 265px\" \/><\/figure>\n<\/figure>\n","protected":false},"excerpt":{"rendered":"<p>No passado dia 30 de mar\u00e7o de 2022, realizou-se na Escola Secund\u00e1ria da Moita o torneio de Boccia. Foi com grande satisfa\u00e7\u00e3o que os alunos dos dois grupos\/equipa participaram com empenho e entusiasmo, duas equipas tiveram passagem\u00a0 direta para o Pr\u00e9-regional de dia 2 de abril,\u00a0 onde alcan\u00e7aram o 2\u00ba lugar na fase de grupos. &#8230; <a title=\"BOCCIA\" class=\"read-more\" href=\"https:\/\/www.esbb.pt\/web\/2022\/04\/11\/boccia\/\" aria-label=\"Leia mais sobre BOCCIA\">Ler mais<\/a><\/p>\n","protected":false},"author":1,"featured_media":4247,"comment_status":"closed","ping_status":"open","sticky":false,"template":"","format":"standard","meta":{"footnotes":""},"categories":[1],"tags":[],"class_list":["post-4245","post","type-post","status-publish","format-standard","has-post-thumbnail","hentry","category-geral"],"_links":{"self":[{"href":"https:\/\/www.esbb.pt\/web\/wp-json\/wp\/v2\/posts\/4245","targetHints":{"allow":["GET"]}}],"collection":[{"href":"https:\/\/www.esbb.pt\/web\/wp-json\/wp\/v2\/posts"}],"about":[{"href":"https:\/\/www.esbb.pt\/web\/wp-json\/wp\/v2\/types\/post"}],"author":[{"embeddable":true,"href":"https:\/\/www.esbb.pt\/web\/wp-json\/wp\/v2\/users\/1"}],"replies":[{"embeddable":true,"href":"https:\/\/www.esbb.pt\/web\/wp-json\/wp\/v2\/comments?post=4245"}],"version-history":[{"count":3,"href":"https:\/\/www.esbb.pt\/web\/wp-json\/wp\/v2\/posts\/4245\/revisions"}],"predecessor-version":[{"id":4254,"href":"https:\/\/www.esbb.pt\/web\/wp-json\/wp\/v2\/posts\/4245\/revisions\/4254"}],"wp:featuredmedia":[{"embeddable":true,"href":"https:\/\/www.esbb.pt\/web\/wp-json\/wp\/v2\/media\/4247"}],"wp:attachment":[{"href":"https:\/\/www.esbb.pt\/web\/wp-json\/wp\/v2\/media?parent=4245"}],"wp:term":[{"taxonomy":"category","embeddable":true,"href":"https:\/\/www.esbb.pt\/web\/wp-json\/wp\/v2\/categories?post=4245"},{"taxonomy":"post_tag","embeddable":true,"href":"https:\/\/www.esbb.pt\/web\/wp-json\/wp\/v2\/tags?post=4245"}],"curies":[{"name":"wp","href":"https:\/\/api.w.org\/{rel}","templated":true}]}}