{"id":416,"date":"2015-03-24T10:31:33","date_gmt":"2015-03-24T10:31:33","guid":{"rendered":"http:\/\/www.esbb.pt\/web\/?p=416"},"modified":"2017-05-18T10:57:12","modified_gmt":"2017-05-18T09:57:12","slug":"semana-do-jovem-consumidor-na-escola-secundaria-da-baixa-da-banheira-9-a-13-de-marco-educacao-financeira-e-ambiental","status":"publish","type":"post","link":"https:\/\/www.esbb.pt\/web\/2015\/03\/24\/semana-do-jovem-consumidor-na-escola-secundaria-da-baixa-da-banheira-9-a-13-de-marco-educacao-financeira-e-ambiental\/","title":{"rendered":"Semana do Jovem Consumidor na Escola Secund\u00e1ria da Baixa da Banheira 9 a 13 de mar\u00e7o &#8211; Educa\u00e7\u00e3o Financeira e ambiental"},"content":{"rendered":"<p><a href=\"http:\/\/www.esbb.pt\/web\/wp-content\/uploads\/2015\/03\/img5511486fafee1.jpg\"><img loading=\"lazy\" decoding=\"async\" class=\"alignnone size-full wp-image-426\" src=\"http:\/\/www.esbb.pt\/web\/wp-content\/uploads\/2015\/03\/img5511486fafee1.jpg\" alt=\"\" width=\"230\" height=\"150\" \/><\/a><\/p>\n<p>Os alunos das turmas CEF Emp. Comerciais realizaram sob orienta\u00e7\u00e3o do professor Afonso um inqu\u00e9rito sobre &#8221; H\u00e1bitos de Consumo e Reclama\u00e7\u00f5es \/ livro de reclama\u00e7\u00f5es&#8221; junto da popula\u00e7\u00e3o e de comerciantes da Baixa da Banheira.<br \/>\nAs conclus\u00f5es poder\u00e3o ser consultadas numa exposi\u00e7\u00e3o subordinada ao tema &#8220;Semana do Jovem Consumidor&#8221; patente na Biblioteca Escolar.<\/p>\n<p>Tamb\u00e9m os alunos das turmas 10\u00baC , 10\u00ba D, 8\u00baA e 12\u00baB participaram na atividade &#8220;5 minutos Com Sumo&#8221; dinamizada pela professora bibliotec\u00e1ria em articula\u00e7\u00e3o com a Deco Jovem, entidade parceira da nossa escola.<\/p>\n<p>A todos consumos conscientes e boas poupan\u00e7as!<\/p>\n<p><img decoding=\"async\" src=\"http:\/\/esbb.pt\/uploads\/img5511488facc8e.jpg\" alt=\"\" align=\"left\" \/><\/p>\n","protected":false},"excerpt":{"rendered":"<p>Os alunos das turmas CEF Emp. Comerciais realizaram sob orienta\u00e7\u00e3o do professor Afonso um inqu\u00e9rito sobre &#8221; H\u00e1bitos de Consumo e Reclama\u00e7\u00f5es \/ livro de reclama\u00e7\u00f5es&#8221; junto da popula\u00e7\u00e3o e de comerciantes da Baixa da Banheira. As conclus\u00f5es poder\u00e3o ser consultadas numa exposi\u00e7\u00e3o subordinada ao tema &#8220;Semana do Jovem Consumidor&#8221; patente na Biblioteca Escolar. Tamb\u00e9m &#8230; <a title=\"Semana do Jovem Consumidor na Escola Secund\u00e1ria da Baixa da Banheira 9 a 13 de mar\u00e7o &#8211; Educa\u00e7\u00e3o Financeira e ambiental\" class=\"read-more\" href=\"https:\/\/www.esbb.pt\/web\/2015\/03\/24\/semana-do-jovem-consumidor-na-escola-secundaria-da-baixa-da-banheira-9-a-13-de-marco-educacao-financeira-e-ambiental\/\" aria-label=\"Leia mais sobre Semana do Jovem Consumidor na Escola Secund\u00e1ria da Baixa da Banheira 9 a 13 de mar\u00e7o &#8211; Educa\u00e7\u00e3o Financeira e ambiental\">Ler mais<\/a><\/p>\n","protected":false},"author":1,"featured_media":0,"comment_status":"closed","ping_status":"open","sticky":false,"template":"","format":"standard","meta":{"footnotes":""},"categories":[1],"tags":[],"class_list":["post-416","post","type-post","status-publish","format-standard","hentry","category-geral"],"_links":{"self":[{"href":"https:\/\/www.esbb.pt\/web\/wp-json\/wp\/v2\/posts\/416","targetHints":{"allow":["GET"]}}],"collection":[{"href":"https:\/\/www.esbb.pt\/web\/wp-json\/wp\/v2\/posts"}],"about":[{"href":"https:\/\/www.esbb.pt\/web\/wp-json\/wp\/v2\/types\/post"}],"author":[{"embeddable":true,"href":"https:\/\/www.esbb.pt\/web\/wp-json\/wp\/v2\/users\/1"}],"replies":[{"embeddable":true,"href":"https:\/\/www.esbb.pt\/web\/wp-json\/wp\/v2\/comments?post=416"}],"version-history":[{"count":12,"href":"https:\/\/www.esbb.pt\/web\/wp-json\/wp\/v2\/posts\/416\/revisions"}],"predecessor-version":[{"id":429,"href":"https:\/\/www.esbb.pt\/web\/wp-json\/wp\/v2\/posts\/416\/revisions\/429"}],"wp:attachment":[{"href":"https:\/\/www.esbb.pt\/web\/wp-json\/wp\/v2\/media?parent=416"}],"wp:term":[{"taxonomy":"category","embeddable":true,"href":"https:\/\/www.esbb.pt\/web\/wp-json\/wp\/v2\/categories?post=416"},{"taxonomy":"post_tag","embeddable":true,"href":"https:\/\/www.esbb.pt\/web\/wp-json\/wp\/v2\/tags?post=416"}],"curies":[{"name":"wp","href":"https:\/\/api.w.org\/{rel}","templated":true}]}}