{"id":390,"date":"2015-03-12T18:33:22","date_gmt":"2015-03-12T18:33:22","guid":{"rendered":"http:\/\/www.esbb.pt\/web\/?p=390"},"modified":"2017-05-17T18:45:54","modified_gmt":"2017-05-17T17:45:54","slug":"a-associacao-epis-empresarios-pela-inclusao-social-escolhe-esbb-para-implementacao-de-projeto-no-concelho-da-moita","status":"publish","type":"post","link":"https:\/\/www.esbb.pt\/web\/2015\/03\/12\/a-associacao-epis-empresarios-pela-inclusao-social-escolhe-esbb-para-implementacao-de-projeto-no-concelho-da-moita\/","title":{"rendered":"A Associa\u00e7\u00e3o EPIS \u2013 Empres\u00e1rios Pela Inclus\u00e3o Social escolhe ESBB para implementa\u00e7\u00e3o de projeto no concelho da Moita"},"content":{"rendered":"<table>\n<tbody>\n<tr>\n<td><img loading=\"lazy\" decoding=\"async\" class=\"alignleft\" src=\"http:\/\/esbb.pt\/uploads\/img5501b2b775a55.gif\" alt=\"\" width=\"230\" height=\"90\" align=\"left\" \/><\/td>\n<td>EPIS \u2013 \u201cNOVOS BONS ALUNOS\u201d REDE DE MEDIADORES PARA O SUCESSO ESCOLAR 3\u00ba CICLO<\/p>\n<p>A Associa\u00e7\u00e3o EPIS \u2013 Empres\u00e1rios Pela Inclus\u00e3o Social foi criada em 2006 por empres\u00e1rios e gestores portugueses, na sequ\u00eancia de uma convocat\u00f3ria \u00e0 sociedade civil feita pelo Presidente da Rep\u00fablica, no seu primeiro discurso do 25 de Abril, proferido na Assembleia da Rep\u00fablica.<\/td>\n<\/tr>\n<\/tbody>\n<\/table>\n<p>A EPIS escolheu a Educa\u00e7\u00e3o como forma de concretiza\u00e7\u00e3o da sua miss\u00e3o principal de promo\u00e7\u00e3o da inclus\u00e3o social em Portugal. Com este foco, tem desenvolvido os seus projetos de interven\u00e7\u00e3o c\u00edvica na \u00e1rea do combate ao insucesso e ao abandono escolares, com particular aten\u00e7\u00e3o \u00e0 capacita\u00e7\u00e3o de jovens em risco que frequentam o 1\u00ba, 2\u00ba e 3\u00ba Ciclo de escolaridade e \u00e0 dissemina\u00e7\u00e3o de boas pr\u00e1ticas de gest\u00e3o nas escolas, com base numa metodologia de capacita\u00e7\u00e3o dos jovens e das suas fam\u00edlias.<\/p>\n<p>Esta metodologia tem vindo a ser testada, desde 2007\/2008, em v\u00e1rias escolas a n\u00edvel nacional numa parceria entre o Minist\u00e9rio da Educa\u00e7\u00e3o e Ci\u00eancia, as autarquias, as escolas e as empresas locais, com uma equipa de cerca de 155 Mediadores com forma\u00e7\u00e3o especializada. Atualmente est\u00e3o abrangidos pelo Projeto os Concelhos de Almada, Amadora, Barreiro, Campo Maior, Estarreja, \u00c9vora, Figueira da Foz, Gondomar, Gr\u00e2ndola, Matosinhos, Moita, Montijo, Loures, Odivelas, Oliveira do Bairro, Pampilhosa da Serra, Paredes, Pombal, Porto, S\u00e3o Br\u00e1s de Alportel, Seixal, Sesimbra, Set\u00fabal, Sintra, Vila Nova de Famalic\u00e3o, bem como as ilhas dos A\u00e7ores (Pico, S\u00e3o Miguel e Terceira) e Madeira (Funchal).<\/p>\n<p>Os alunos s\u00e3o selecionados a partir de um sistema de Screening (varrimento) para serem acompanhados em proximidade at\u00e9 ao final do 3\u00ba Ciclo.<\/p>\n<p>A \u201cRede de mediadores EPIS para o sucesso escolar\u201d foi seleccionada como \u00abcase-study\u00bb internacional na \u00e1rea da Educa\u00e7\u00e3o pela Clinton Global Initiative, realizada em Setembro de 2009, em Nova Iorque, com base nos resultados quantitativos j\u00e1 atingidos.<\/p>\n<p>A metodologia EPIS foi igualmente escolhida, entre v\u00e1rias, para ser o modelo conceptual de refer\u00eancia a seguir pelo projeto \u201cRESLEA \u2013 Reducing Early School Leaving\u201d, um programa europeu que pretende identificar boas pr\u00e1ticas europeias de combate ao abandono escolar precoce, coordenado pelo CEPCEP &#8211; Centro de Estudos dos Povos e Culturas de Express\u00e3o Portuguesa, da Universidade Cat\u00f3lica, e com parceiros da Alemanha, Reino Unido, Hungria e Eslov\u00e9nia.<\/p>\n<p>Na Moita, no ano letivo de 2014\/2015, o Projeto EPIS est\u00e1 implementado na Escola Secund\u00e1ria Baixa da Banheira.<\/p>\n","protected":false},"excerpt":{"rendered":"<p>EPIS \u2013 \u201cNOVOS BONS ALUNOS\u201d REDE DE MEDIADORES PARA O SUCESSO ESCOLAR 3\u00ba CICLO A Associa\u00e7\u00e3o EPIS \u2013 Empres\u00e1rios Pela Inclus\u00e3o Social foi criada em 2006 por empres\u00e1rios e gestores portugueses, na sequ\u00eancia de uma convocat\u00f3ria \u00e0 sociedade civil feita pelo Presidente da Rep\u00fablica, no seu primeiro discurso do 25 de Abril, proferido na Assembleia &#8230; <a title=\"A Associa\u00e7\u00e3o EPIS \u2013 Empres\u00e1rios Pela Inclus\u00e3o Social escolhe ESBB para implementa\u00e7\u00e3o de projeto no concelho da Moita\" class=\"read-more\" href=\"https:\/\/www.esbb.pt\/web\/2015\/03\/12\/a-associacao-epis-empresarios-pela-inclusao-social-escolhe-esbb-para-implementacao-de-projeto-no-concelho-da-moita\/\" aria-label=\"Leia mais sobre A Associa\u00e7\u00e3o EPIS \u2013 Empres\u00e1rios Pela Inclus\u00e3o Social escolhe ESBB para implementa\u00e7\u00e3o de projeto no concelho da Moita\">Ler mais<\/a><\/p>\n","protected":false},"author":1,"featured_media":0,"comment_status":"closed","ping_status":"open","sticky":false,"template":"","format":"standard","meta":{"footnotes":""},"categories":[1],"tags":[],"class_list":["post-390","post","type-post","status-publish","format-standard","hentry","category-geral"],"_links":{"self":[{"href":"https:\/\/www.esbb.pt\/web\/wp-json\/wp\/v2\/posts\/390","targetHints":{"allow":["GET"]}}],"collection":[{"href":"https:\/\/www.esbb.pt\/web\/wp-json\/wp\/v2\/posts"}],"about":[{"href":"https:\/\/www.esbb.pt\/web\/wp-json\/wp\/v2\/types\/post"}],"author":[{"embeddable":true,"href":"https:\/\/www.esbb.pt\/web\/wp-json\/wp\/v2\/users\/1"}],"replies":[{"embeddable":true,"href":"https:\/\/www.esbb.pt\/web\/wp-json\/wp\/v2\/comments?post=390"}],"version-history":[{"count":6,"href":"https:\/\/www.esbb.pt\/web\/wp-json\/wp\/v2\/posts\/390\/revisions"}],"predecessor-version":[{"id":396,"href":"https:\/\/www.esbb.pt\/web\/wp-json\/wp\/v2\/posts\/390\/revisions\/396"}],"wp:attachment":[{"href":"https:\/\/www.esbb.pt\/web\/wp-json\/wp\/v2\/media?parent=390"}],"wp:term":[{"taxonomy":"category","embeddable":true,"href":"https:\/\/www.esbb.pt\/web\/wp-json\/wp\/v2\/categories?post=390"},{"taxonomy":"post_tag","embeddable":true,"href":"https:\/\/www.esbb.pt\/web\/wp-json\/wp\/v2\/tags?post=390"}],"curies":[{"name":"wp","href":"https:\/\/api.w.org\/{rel}","templated":true}]}}