{"id":3726,"date":"2021-06-01T16:11:19","date_gmt":"2021-06-01T15:11:19","guid":{"rendered":"https:\/\/www.esbb.pt\/web\/?p=3726"},"modified":"2021-06-01T16:14:06","modified_gmt":"2021-06-01T15:14:06","slug":"livro-pop-up-realizado-por-alunos-das-turmas-do-7oe-8ob-9ob-e-1ott","status":"publish","type":"post","link":"https:\/\/www.esbb.pt\/web\/2021\/06\/01\/livro-pop-up-realizado-por-alunos-das-turmas-do-7oe-8ob-9ob-e-1ott\/","title":{"rendered":"Livro Pop-Up realizado por alunos das turmas do 7\u00baE, 8\u00baB, 9\u00baB e 1\u00baTT."},"content":{"rendered":"<p>A obra A Menina do Mar , de Sophia de Mello Breyner Andresen, foi trabalhada e ilustrada pelos alunos com a colabora\u00e7\u00e3o do professor Edgar.<\/p>\n<p>Trata-se de um livro Pop-Up realizado por alunos das turmas do 7.\u00baE, 8.\u00baB, 9.\u00baB e 1.\u00baTT e oferecido \u00e0 Biblioteca escolar, que muito agradece o gesto dos alunos. Muitos parab\u00e9ns por t\u00e3o bonita realiza\u00e7\u00e3o!<\/p>\n<p><!--more--><\/p>\n\n\n<figure class=\"wp-block-image size-large\"><img loading=\"lazy\" decoding=\"async\" width=\"768\" height=\"1024\" src=\"https:\/\/www.esbb.pt\/web\/wp-content\/uploads\/2021\/06\/A_Menina_do_Mar_destaque2_site-768x1024.jpg\" alt=\"\" class=\"wp-image-3730\" srcset=\"https:\/\/www.esbb.pt\/web\/wp-content\/uploads\/2021\/06\/A_Menina_do_Mar_destaque2_site-768x1024.jpg 768w, https:\/\/www.esbb.pt\/web\/wp-content\/uploads\/2021\/06\/A_Menina_do_Mar_destaque2_site-225x300.jpg 225w, https:\/\/www.esbb.pt\/web\/wp-content\/uploads\/2021\/06\/A_Menina_do_Mar_destaque2_site-1152x1536.jpg 1152w, https:\/\/www.esbb.pt\/web\/wp-content\/uploads\/2021\/06\/A_Menina_do_Mar_destaque2_site.jpg 1200w\" sizes=\"auto, (max-width: 768px) 100vw, 768px\" \/><\/figure>\n","protected":false},"excerpt":{"rendered":"<p>A obra A Menina do Mar , de Sophia de Mello Breyner Andresen, foi trabalhada e ilustrada pelos alunos com a colabora\u00e7\u00e3o do professor Edgar. Trata-se de um livro Pop-Up realizado por alunos das turmas do 7.\u00baE, 8.\u00baB, 9.\u00baB e 1.\u00baTT e oferecido \u00e0 Biblioteca escolar, que muito agradece o gesto dos alunos. Muitos parab\u00e9ns &#8230; <a title=\"Livro Pop-Up realizado por alunos das turmas do 7\u00baE, 8\u00baB, 9\u00baB e 1\u00baTT.\" class=\"read-more\" href=\"https:\/\/www.esbb.pt\/web\/2021\/06\/01\/livro-pop-up-realizado-por-alunos-das-turmas-do-7oe-8ob-9ob-e-1ott\/\" aria-label=\"Leia mais sobre Livro Pop-Up realizado por alunos das turmas do 7\u00baE, 8\u00baB, 9\u00baB e 1\u00baTT.\">Ler mais<\/a><\/p>\n","protected":false},"author":1,"featured_media":3727,"comment_status":"closed","ping_status":"open","sticky":false,"template":"","format":"standard","meta":{"footnotes":""},"categories":[1],"tags":[],"class_list":["post-3726","post","type-post","status-publish","format-standard","has-post-thumbnail","hentry","category-geral"],"_links":{"self":[{"href":"https:\/\/www.esbb.pt\/web\/wp-json\/wp\/v2\/posts\/3726","targetHints":{"allow":["GET"]}}],"collection":[{"href":"https:\/\/www.esbb.pt\/web\/wp-json\/wp\/v2\/posts"}],"about":[{"href":"https:\/\/www.esbb.pt\/web\/wp-json\/wp\/v2\/types\/post"}],"author":[{"embeddable":true,"href":"https:\/\/www.esbb.pt\/web\/wp-json\/wp\/v2\/users\/1"}],"replies":[{"embeddable":true,"href":"https:\/\/www.esbb.pt\/web\/wp-json\/wp\/v2\/comments?post=3726"}],"version-history":[{"count":2,"href":"https:\/\/www.esbb.pt\/web\/wp-json\/wp\/v2\/posts\/3726\/revisions"}],"predecessor-version":[{"id":3731,"href":"https:\/\/www.esbb.pt\/web\/wp-json\/wp\/v2\/posts\/3726\/revisions\/3731"}],"wp:featuredmedia":[{"embeddable":true,"href":"https:\/\/www.esbb.pt\/web\/wp-json\/wp\/v2\/media\/3727"}],"wp:attachment":[{"href":"https:\/\/www.esbb.pt\/web\/wp-json\/wp\/v2\/media?parent=3726"}],"wp:term":[{"taxonomy":"category","embeddable":true,"href":"https:\/\/www.esbb.pt\/web\/wp-json\/wp\/v2\/categories?post=3726"},{"taxonomy":"post_tag","embeddable":true,"href":"https:\/\/www.esbb.pt\/web\/wp-json\/wp\/v2\/tags?post=3726"}],"curies":[{"name":"wp","href":"https:\/\/api.w.org\/{rel}","templated":true}]}}