{"id":319,"date":"2013-06-06T16:53:57","date_gmt":"2013-06-06T15:53:57","guid":{"rendered":"http:\/\/www.esbb.pt\/web\/?p=319"},"modified":"2017-05-17T16:54:17","modified_gmt":"2017-05-17T15:54:17","slug":"7-de-junho-dia-aberto-a-comunidade","status":"publish","type":"post","link":"https:\/\/www.esbb.pt\/web\/2013\/06\/06\/7-de-junho-dia-aberto-a-comunidade\/","title":{"rendered":"7 de Junho &#8211; Dia aberto \u00e0 comunidade"},"content":{"rendered":"<p class=\"itemText\">No pr\u00f3ximo dia 07 de Junho a Escola Secund\u00e1ria da Baixa da Banheira abre as portas a toda a comunidade; convida, assim, toda a comunidade a vir conhecer as nossas instala\u00e7\u00f5es e a oferta formativa aqui ministrada. O evento oferece v\u00e1rias atividades que decorrem ao longo de todo o dia (das 09h00 \u00e0s 20h00) tais como experi\u00eancias e demonstra\u00e7\u00f5es cient\u00edficas nas diferentes \u00e1reas, visitas guiadas aos laborat\u00f3rios, workshops, ateliers e a\u00e7\u00f5es l\u00fadicas organizadas pelos estudantes.<\/p>\n<p>Com esta iniciativa pretende-se dar oportunidade aos visitantes de:<\/p>\n<p>&#8211; conhecer o ambiente jovem da ESBB;<br \/>\n&#8211; visitar laborat\u00f3rios e salas pr\u00e1ticas;<br \/>\n&#8211; conviver com estudantes, docentes e funcion\u00e1rios da ESBB;<br \/>\n&#8211; conhecer toda a oferta formativa da ESBB;<br \/>\n&#8211; participar em workshops e ateliers (consoante as idades e n\u00edveis de ensino);<br \/>\n&#8211; assistir \u00e0 atua\u00e7\u00e3o de Bandas locais;<br \/>\n&#8211; esclarecer todas as d\u00favidas relacionadas com condi\u00e7\u00f5es de acesso aos cursos da ESBB.<\/p>\n<p>As atividades podem ser visitadas livremente, mas pede-se, se poss\u00edvel, uma inscri\u00e7\u00e3o pr\u00e9via atrav\u00e9s de um e-mail para <a href=\"mailto:gaafesbb@gmail.com\">gaafesbb@gmail.com<\/a> , informando : Nome da Institui\u00e7\u00e3o, N\u00famero de Alunos , Anos de Ensino<\/p>\n<div align=\"center\"><img decoding=\"async\" src=\"http:\/\/esbb.pt\/uploads\/img51b0bf0702552.jpg\" alt=\"\" \/><\/div>\n","protected":false},"excerpt":{"rendered":"<p>No pr\u00f3ximo dia 07 de Junho a Escola Secund\u00e1ria da Baixa da Banheira abre as portas a toda a comunidade; convida, assim, toda a comunidade a vir conhecer as nossas instala\u00e7\u00f5es e a oferta formativa aqui ministrada. O evento oferece v\u00e1rias atividades que decorrem ao longo de todo o dia (das 09h00 \u00e0s 20h00) tais &#8230; <a title=\"7 de Junho &#8211; Dia aberto \u00e0 comunidade\" class=\"read-more\" href=\"https:\/\/www.esbb.pt\/web\/2013\/06\/06\/7-de-junho-dia-aberto-a-comunidade\/\" aria-label=\"Leia mais sobre 7 de Junho &#8211; Dia aberto \u00e0 comunidade\">Ler mais<\/a><\/p>\n","protected":false},"author":1,"featured_media":0,"comment_status":"closed","ping_status":"open","sticky":false,"template":"","format":"standard","meta":{"footnotes":""},"categories":[1],"tags":[],"class_list":["post-319","post","type-post","status-publish","format-standard","hentry","category-geral"],"_links":{"self":[{"href":"https:\/\/www.esbb.pt\/web\/wp-json\/wp\/v2\/posts\/319","targetHints":{"allow":["GET"]}}],"collection":[{"href":"https:\/\/www.esbb.pt\/web\/wp-json\/wp\/v2\/posts"}],"about":[{"href":"https:\/\/www.esbb.pt\/web\/wp-json\/wp\/v2\/types\/post"}],"author":[{"embeddable":true,"href":"https:\/\/www.esbb.pt\/web\/wp-json\/wp\/v2\/users\/1"}],"replies":[{"embeddable":true,"href":"https:\/\/www.esbb.pt\/web\/wp-json\/wp\/v2\/comments?post=319"}],"version-history":[{"count":1,"href":"https:\/\/www.esbb.pt\/web\/wp-json\/wp\/v2\/posts\/319\/revisions"}],"predecessor-version":[{"id":320,"href":"https:\/\/www.esbb.pt\/web\/wp-json\/wp\/v2\/posts\/319\/revisions\/320"}],"wp:attachment":[{"href":"https:\/\/www.esbb.pt\/web\/wp-json\/wp\/v2\/media?parent=319"}],"wp:term":[{"taxonomy":"category","embeddable":true,"href":"https:\/\/www.esbb.pt\/web\/wp-json\/wp\/v2\/categories?post=319"},{"taxonomy":"post_tag","embeddable":true,"href":"https:\/\/www.esbb.pt\/web\/wp-json\/wp\/v2\/tags?post=319"}],"curies":[{"name":"wp","href":"https:\/\/api.w.org\/{rel}","templated":true}]}}