{"id":313,"date":"2013-05-28T16:51:07","date_gmt":"2013-05-28T15:51:07","guid":{"rendered":"http:\/\/www.esbb.pt\/web\/?p=313"},"modified":"2017-05-17T16:51:29","modified_gmt":"2017-05-17T15:51:29","slug":"desfile-ecodress","status":"publish","type":"post","link":"https:\/\/www.esbb.pt\/web\/2013\/05\/28\/desfile-ecodress\/","title":{"rendered":"Desfile ECODRESS"},"content":{"rendered":"<p class=\"itemText\">No dia 23 de Maio, pelas 22.00 horas, na Moita, decorreu o ECODRESS, desfile de fatos elaborados com materiais reciclados.<\/p>\n<p>A iniciativa esteve integrada na Feira de Maio e resultou de uma parceria entre a nossa Escola e o projeto Comunit\u00e1rio &#8220;Entre N\u00f3s&#8221;, gerido pela Santa Casa da Miseric\u00f3rdia de Alhos Vedros.<\/p>\n<p>A atividade foi dinamizada pela turma do curso de 12\u00ba ano de T\u00e9cnico de Gest\u00e3o do Ambiente, em articula\u00e7\u00e3o com o curso de Cabeleireiro Unissexo, o curso de Massagista e Esteticista, o curso de Apoio \u00e0 Inf\u00e2ncia e a turma de Biologia do 12\u00ba ano de Ci\u00eancias e Tecnologias.<\/p>\n<p>ECODRESS pretende sensibilizar a comunidade para o problema dos res\u00edduos e para a import\u00e2ncia da redu\u00e7\u00e3o, reutiliza\u00e7\u00e3o e reciclagem enquanto principais formas de preserva\u00e7\u00e3o dos recursos naturais.<\/p>\n<p>Parab\u00e9ns aos alunos e aos professores, pelo empenho e pela presta\u00e7\u00e3o neste evento, que muito prestigiou a nossa Escola e o Vale da Amoreira!<\/p>\n<div align=\"center\"><img decoding=\"async\" src=\"http:\/\/esbb.pt\/uploads\/img51a32c2246af1.jpg\" alt=\"\" \/><\/div>\n","protected":false},"excerpt":{"rendered":"<p>No dia 23 de Maio, pelas 22.00 horas, na Moita, decorreu o ECODRESS, desfile de fatos elaborados com materiais reciclados. A iniciativa esteve integrada na Feira de Maio e resultou de uma parceria entre a nossa Escola e o projeto Comunit\u00e1rio &#8220;Entre N\u00f3s&#8221;, gerido pela Santa Casa da Miseric\u00f3rdia de Alhos Vedros. A atividade foi &#8230; <a title=\"Desfile ECODRESS\" class=\"read-more\" href=\"https:\/\/www.esbb.pt\/web\/2013\/05\/28\/desfile-ecodress\/\" aria-label=\"Leia mais sobre Desfile ECODRESS\">Ler mais<\/a><\/p>\n","protected":false},"author":1,"featured_media":0,"comment_status":"closed","ping_status":"open","sticky":false,"template":"","format":"standard","meta":{"footnotes":""},"categories":[1],"tags":[],"class_list":["post-313","post","type-post","status-publish","format-standard","hentry","category-geral"],"_links":{"self":[{"href":"https:\/\/www.esbb.pt\/web\/wp-json\/wp\/v2\/posts\/313","targetHints":{"allow":["GET"]}}],"collection":[{"href":"https:\/\/www.esbb.pt\/web\/wp-json\/wp\/v2\/posts"}],"about":[{"href":"https:\/\/www.esbb.pt\/web\/wp-json\/wp\/v2\/types\/post"}],"author":[{"embeddable":true,"href":"https:\/\/www.esbb.pt\/web\/wp-json\/wp\/v2\/users\/1"}],"replies":[{"embeddable":true,"href":"https:\/\/www.esbb.pt\/web\/wp-json\/wp\/v2\/comments?post=313"}],"version-history":[{"count":1,"href":"https:\/\/www.esbb.pt\/web\/wp-json\/wp\/v2\/posts\/313\/revisions"}],"predecessor-version":[{"id":314,"href":"https:\/\/www.esbb.pt\/web\/wp-json\/wp\/v2\/posts\/313\/revisions\/314"}],"wp:attachment":[{"href":"https:\/\/www.esbb.pt\/web\/wp-json\/wp\/v2\/media?parent=313"}],"wp:term":[{"taxonomy":"category","embeddable":true,"href":"https:\/\/www.esbb.pt\/web\/wp-json\/wp\/v2\/categories?post=313"},{"taxonomy":"post_tag","embeddable":true,"href":"https:\/\/www.esbb.pt\/web\/wp-json\/wp\/v2\/tags?post=313"}],"curies":[{"name":"wp","href":"https:\/\/api.w.org\/{rel}","templated":true}]}}