{"id":309,"date":"2012-09-27T16:41:27","date_gmt":"2012-09-27T15:41:27","guid":{"rendered":"http:\/\/www.esbb.pt\/web\/?p=309"},"modified":"2017-05-17T16:42:24","modified_gmt":"2017-05-17T15:42:24","slug":"premio-de-merito-2012","status":"publish","type":"post","link":"https:\/\/www.esbb.pt\/web\/2012\/09\/27\/premio-de-merito-2012\/","title":{"rendered":"Pr\u00e9mio de M\u00e9rito -2012"},"content":{"rendered":"<p class=\"itemText\">O <b>Pr\u00e9mio de M\u00e9rito Minist\u00e9rio da Educa\u00e7\u00e3o<\/b> foi institu\u00eddo com o objectivo de distinguir, em cada escola, o melhor aluno do ensino secund\u00e1rio dos cursos cient\u00edfico human\u00edsticos, dos cursos profissionais ou tecnol\u00f3gicos e dos cursos de ensino art\u00edstico especializado.<\/p>\n<p>Vai ser entregue aos alunos premiados um diploma alusivo \u00e0 distin\u00e7\u00e3o concedida,<br \/>\nassinado pelo respetivo Diretor.<\/p>\n<table>\n<tbody>\n<tr>\n<td><img decoding=\"async\" src=\"http:\/\/esbb.pt\/uploads\/img50642b267426c.jpg\" alt=\"\" align=\"left\" \/><\/td>\n<td><img decoding=\"async\" src=\"http:\/\/esbb.pt\/uploads\/img50642b348b5c7.jpg\" alt=\"\" align=\"left\" \/><\/td>\n<\/tr>\n<tr>\n<td>Melhor aluna do ensino secund\u00e1rio dos cursos cient\u00edfico human\u00edstico <b>Ant\u00f3nia Melissa de Sousa Ordena<\/b> (m\u00e9dia final de 15,8 valores)<\/td>\n<td>Melhor aluno dos cursos profissionais ou tecnol\u00f3gicos e dos cursos de ensino art\u00edstico especializado <b>Rui Carlos da Concei\u00e7\u00e3o Cust\u00f3dio<\/b> (Curso T\u00e9cnico Profissional de Turismo com m\u00e9dia final de 17 valores)<\/td>\n<\/tr>\n<\/tbody>\n<\/table>\n<p>&nbsp;<\/p>\n","protected":false},"excerpt":{"rendered":"<p>O Pr\u00e9mio de M\u00e9rito Minist\u00e9rio da Educa\u00e7\u00e3o foi institu\u00eddo com o objectivo de distinguir, em cada escola, o melhor aluno do ensino secund\u00e1rio dos cursos cient\u00edfico human\u00edsticos, dos cursos profissionais ou tecnol\u00f3gicos e dos cursos de ensino art\u00edstico especializado. Vai ser entregue aos alunos premiados um diploma alusivo \u00e0 distin\u00e7\u00e3o concedida, assinado pelo respetivo Diretor. &#8230; <a title=\"Pr\u00e9mio de M\u00e9rito -2012\" class=\"read-more\" href=\"https:\/\/www.esbb.pt\/web\/2012\/09\/27\/premio-de-merito-2012\/\" aria-label=\"Leia mais sobre Pr\u00e9mio de M\u00e9rito -2012\">Ler mais<\/a><\/p>\n","protected":false},"author":1,"featured_media":0,"comment_status":"closed","ping_status":"open","sticky":false,"template":"","format":"standard","meta":{"footnotes":""},"categories":[1],"tags":[],"class_list":["post-309","post","type-post","status-publish","format-standard","hentry","category-geral"],"_links":{"self":[{"href":"https:\/\/www.esbb.pt\/web\/wp-json\/wp\/v2\/posts\/309","targetHints":{"allow":["GET"]}}],"collection":[{"href":"https:\/\/www.esbb.pt\/web\/wp-json\/wp\/v2\/posts"}],"about":[{"href":"https:\/\/www.esbb.pt\/web\/wp-json\/wp\/v2\/types\/post"}],"author":[{"embeddable":true,"href":"https:\/\/www.esbb.pt\/web\/wp-json\/wp\/v2\/users\/1"}],"replies":[{"embeddable":true,"href":"https:\/\/www.esbb.pt\/web\/wp-json\/wp\/v2\/comments?post=309"}],"version-history":[{"count":1,"href":"https:\/\/www.esbb.pt\/web\/wp-json\/wp\/v2\/posts\/309\/revisions"}],"predecessor-version":[{"id":310,"href":"https:\/\/www.esbb.pt\/web\/wp-json\/wp\/v2\/posts\/309\/revisions\/310"}],"wp:attachment":[{"href":"https:\/\/www.esbb.pt\/web\/wp-json\/wp\/v2\/media?parent=309"}],"wp:term":[{"taxonomy":"category","embeddable":true,"href":"https:\/\/www.esbb.pt\/web\/wp-json\/wp\/v2\/categories?post=309"},{"taxonomy":"post_tag","embeddable":true,"href":"https:\/\/www.esbb.pt\/web\/wp-json\/wp\/v2\/tags?post=309"}],"curies":[{"name":"wp","href":"https:\/\/api.w.org\/{rel}","templated":true}]}}