{"id":301,"date":"2011-04-08T16:34:45","date_gmt":"2011-04-08T15:34:45","guid":{"rendered":"http:\/\/www.esbb.pt\/web\/?p=301"},"modified":"2017-05-17T16:35:38","modified_gmt":"2017-05-17T15:35:38","slug":"premio-de-merito-2011","status":"publish","type":"post","link":"https:\/\/www.esbb.pt\/web\/2011\/04\/08\/premio-de-merito-2011\/","title":{"rendered":"Pr\u00e9mio de M\u00e9rito -2011"},"content":{"rendered":"<p>O <b>Pr\u00e9mio de M\u00e9rito Minist\u00e9rio da Educa\u00e7\u00e3o<\/b> foi institu\u00eddo com o objectivo de distinguir, em cada escola, o melhor aluno do ensino secund\u00e1rio dos cursos cient\u00edfico human\u00edsticos, dos cursos profissionais ou tecnol\u00f3gicos e dos cursos de ensino art\u00edstico especializado.<\/p>\n<p>Conjuntamente com a atribui\u00e7\u00e3o do pr\u00e9mio pecuni\u00e1rio (500\u20ac), foi igualmente entregue aos alunos premiados um diploma alusivo \u00e0 distin\u00e7\u00e3o concedida, assinado pelo respectivo Director.<\/p>\n<table>\n<tbody>\n<tr>\n<td><img decoding=\"async\" src=\"http:\/\/esbb.pt\/uploads\/img4e79f37170b6e.gif\" alt=\"\" align=\"left\" \/><\/td>\n<td><img decoding=\"async\" src=\"http:\/\/esbb.pt\/uploads\/img4e79f35aca6f4.gif\" alt=\"\" align=\"left\" \/><\/td>\n<\/tr>\n<tr>\n<td>Melhor aluno do ensino secund\u00e1rio dos cursos cient\u00edfico human\u00edstico <b>Marcelo Augusto Rio Pinto<\/b> (m\u00e9dia final de 19 valores)<\/td>\n<td>Melhor aluna dos cursos profissionais ou tecnol\u00f3gicos e dos cursos de ensino art\u00edstico especializado <b>Tatiana Louren\u00e7o Mendon\u00e7a de Sousa<\/b> (Curso T\u00e9cnico Profissional de Apoio \u00e0 Inf\u00e2ncia com m\u00e9dia final de 17 valores)<\/td>\n<\/tr>\n<\/tbody>\n<\/table>\n<p>&nbsp;<\/p>\n","protected":false},"excerpt":{"rendered":"<p>O Pr\u00e9mio de M\u00e9rito Minist\u00e9rio da Educa\u00e7\u00e3o foi institu\u00eddo com o objectivo de distinguir, em cada escola, o melhor aluno do ensino secund\u00e1rio dos cursos cient\u00edfico human\u00edsticos, dos cursos profissionais ou tecnol\u00f3gicos e dos cursos de ensino art\u00edstico especializado. Conjuntamente com a atribui\u00e7\u00e3o do pr\u00e9mio pecuni\u00e1rio (500\u20ac), foi igualmente entregue aos alunos premiados um diploma &#8230; <a title=\"Pr\u00e9mio de M\u00e9rito -2011\" class=\"read-more\" href=\"https:\/\/www.esbb.pt\/web\/2011\/04\/08\/premio-de-merito-2011\/\" aria-label=\"Leia mais sobre Pr\u00e9mio de M\u00e9rito -2011\">Ler mais<\/a><\/p>\n","protected":false},"author":1,"featured_media":0,"comment_status":"closed","ping_status":"open","sticky":false,"template":"","format":"standard","meta":{"footnotes":""},"categories":[1],"tags":[],"class_list":["post-301","post","type-post","status-publish","format-standard","hentry","category-geral"],"_links":{"self":[{"href":"https:\/\/www.esbb.pt\/web\/wp-json\/wp\/v2\/posts\/301","targetHints":{"allow":["GET"]}}],"collection":[{"href":"https:\/\/www.esbb.pt\/web\/wp-json\/wp\/v2\/posts"}],"about":[{"href":"https:\/\/www.esbb.pt\/web\/wp-json\/wp\/v2\/types\/post"}],"author":[{"embeddable":true,"href":"https:\/\/www.esbb.pt\/web\/wp-json\/wp\/v2\/users\/1"}],"replies":[{"embeddable":true,"href":"https:\/\/www.esbb.pt\/web\/wp-json\/wp\/v2\/comments?post=301"}],"version-history":[{"count":1,"href":"https:\/\/www.esbb.pt\/web\/wp-json\/wp\/v2\/posts\/301\/revisions"}],"predecessor-version":[{"id":302,"href":"https:\/\/www.esbb.pt\/web\/wp-json\/wp\/v2\/posts\/301\/revisions\/302"}],"wp:attachment":[{"href":"https:\/\/www.esbb.pt\/web\/wp-json\/wp\/v2\/media?parent=301"}],"wp:term":[{"taxonomy":"category","embeddable":true,"href":"https:\/\/www.esbb.pt\/web\/wp-json\/wp\/v2\/categories?post=301"},{"taxonomy":"post_tag","embeddable":true,"href":"https:\/\/www.esbb.pt\/web\/wp-json\/wp\/v2\/tags?post=301"}],"curies":[{"name":"wp","href":"https:\/\/api.w.org\/{rel}","templated":true}]}}