{"id":295,"date":"2009-11-02T16:27:09","date_gmt":"2009-11-02T16:27:09","guid":{"rendered":"http:\/\/www.esbb.pt\/web\/?p=295"},"modified":"2017-05-17T16:28:24","modified_gmt":"2017-05-17T15:28:24","slug":"dia-do-diploma-e-premio-de-merito-2009","status":"publish","type":"post","link":"https:\/\/www.esbb.pt\/web\/2009\/11\/02\/dia-do-diploma-e-premio-de-merito-2009\/","title":{"rendered":"Dia do Diploma e Pr\u00e9mio de M\u00e9rito-2009"},"content":{"rendered":"<p>O <b>Pr\u00e9mio de M\u00e9rito Minist\u00e9rio da Educa\u00e7\u00e3o<\/b> foi institu\u00eddo com o objectivo de distinguir, em cada escola, o melhor aluno do ensino secund\u00e1rio dos cursos cient\u00edfico human\u00edsticos, dos cursos profissionais ou tecnol\u00f3gicos e dos cursos de ensino art\u00edstico especializado.<\/p>\n<p>Conjuntamente com a atribui\u00e7\u00e3o do pr\u00e9mio pecuni\u00e1rio (500\u20ac), foi igualmente entregue aos alunos premiados um diploma alusivo \u00e0 distin\u00e7\u00e3o concedida, assinado pelo respectivo Director.<\/p>\n<table>\n<tbody>\n<tr>\n<td><img decoding=\"async\" class=\"aligncenter\" src=\"http:\/\/esbb.pt\/uploads\/img4aeeb5398f822.jpg\" alt=\"\" align=\"left\" \/><\/td>\n<td><img decoding=\"async\" class=\"alignnone\" src=\"http:\/\/esbb.pt\/uploads\/img4aeeb549a1919.jpg\" alt=\"\" align=\"left\" \/><\/td>\n<\/tr>\n<tr>\n<td>Melhor aluna do ensino secund\u00e1rio dos cursos cient\u00edfico human\u00edstico <b>Ana Filipa \u00c1lvaro Correia<\/b> (m\u00e9dia final de 18 valores)<\/td>\n<td>Melhor aluna dos cursos profissionais ou tecnol\u00f3gicos e dos cursos de ensino art\u00edstico especializado <b>Elsa Maria Vil\u00e3o Lampreia<\/b> (m\u00e9dia final de 17 valores)<\/td>\n<\/tr>\n<\/tbody>\n<\/table>\n<p>&nbsp;<\/p>\n","protected":false},"excerpt":{"rendered":"<p>O Pr\u00e9mio de M\u00e9rito Minist\u00e9rio da Educa\u00e7\u00e3o foi institu\u00eddo com o objectivo de distinguir, em cada escola, o melhor aluno do ensino secund\u00e1rio dos cursos cient\u00edfico human\u00edsticos, dos cursos profissionais ou tecnol\u00f3gicos e dos cursos de ensino art\u00edstico especializado. Conjuntamente com a atribui\u00e7\u00e3o do pr\u00e9mio pecuni\u00e1rio (500\u20ac), foi igualmente entregue aos alunos premiados um diploma &#8230; <a title=\"Dia do Diploma e Pr\u00e9mio de M\u00e9rito-2009\" class=\"read-more\" href=\"https:\/\/www.esbb.pt\/web\/2009\/11\/02\/dia-do-diploma-e-premio-de-merito-2009\/\" aria-label=\"Leia mais sobre Dia do Diploma e Pr\u00e9mio de M\u00e9rito-2009\">Ler mais<\/a><\/p>\n","protected":false},"author":1,"featured_media":0,"comment_status":"closed","ping_status":"open","sticky":false,"template":"","format":"standard","meta":{"footnotes":""},"categories":[1],"tags":[],"class_list":["post-295","post","type-post","status-publish","format-standard","hentry","category-geral"],"_links":{"self":[{"href":"https:\/\/www.esbb.pt\/web\/wp-json\/wp\/v2\/posts\/295","targetHints":{"allow":["GET"]}}],"collection":[{"href":"https:\/\/www.esbb.pt\/web\/wp-json\/wp\/v2\/posts"}],"about":[{"href":"https:\/\/www.esbb.pt\/web\/wp-json\/wp\/v2\/types\/post"}],"author":[{"embeddable":true,"href":"https:\/\/www.esbb.pt\/web\/wp-json\/wp\/v2\/users\/1"}],"replies":[{"embeddable":true,"href":"https:\/\/www.esbb.pt\/web\/wp-json\/wp\/v2\/comments?post=295"}],"version-history":[{"count":1,"href":"https:\/\/www.esbb.pt\/web\/wp-json\/wp\/v2\/posts\/295\/revisions"}],"predecessor-version":[{"id":296,"href":"https:\/\/www.esbb.pt\/web\/wp-json\/wp\/v2\/posts\/295\/revisions\/296"}],"wp:attachment":[{"href":"https:\/\/www.esbb.pt\/web\/wp-json\/wp\/v2\/media?parent=295"}],"wp:term":[{"taxonomy":"category","embeddable":true,"href":"https:\/\/www.esbb.pt\/web\/wp-json\/wp\/v2\/categories?post=295"},{"taxonomy":"post_tag","embeddable":true,"href":"https:\/\/www.esbb.pt\/web\/wp-json\/wp\/v2\/tags?post=295"}],"curies":[{"name":"wp","href":"https:\/\/api.w.org\/{rel}","templated":true}]}}