{"id":289,"date":"2008-09-07T15:55:07","date_gmt":"2008-09-07T14:55:07","guid":{"rendered":"http:\/\/www.esbb.pt\/web\/?p=289"},"modified":"2017-05-17T16:12:36","modified_gmt":"2017-05-17T15:12:36","slug":"dia-do-diploma-e-premio-de-merito-12-set2008","status":"publish","type":"post","link":"https:\/\/www.esbb.pt\/web\/2008\/09\/07\/dia-do-diploma-e-premio-de-merito-12-set2008\/","title":{"rendered":"Dia do Diploma e Pr\u00e9mio de M\u00e9rito-12 SET2008"},"content":{"rendered":"<blockquote><p>O <b>Pr\u00e9mio de M\u00e9rito Minist\u00e9rio da Educa\u00e7\u00e3o<\/b> \u00e9 institu\u00eddo com o objectivo de distinguir, em cada escola, o melhor aluno do ensino secund\u00e1rio dos cursos cient\u00edfico human\u00edsticos, dos cursos profissionais ou tecnol\u00f3gicos e dos cursos de ensino art\u00edstico especializado.<\/p><\/blockquote>\n<p>Conjuntamente com a atribui\u00e7\u00e3o do pr\u00e9mio pecuni\u00e1rio, ser\u00e1 igualmente entregue aos alunos premiados um diploma alusivo \u00e0 distin\u00e7\u00e3o concedida, assinado pelo respectivo presidente do conselho executivo.<\/p>\n<p>A data de atribui\u00e7\u00e3o do pr\u00e9mio de m\u00e9rito coincidir\u00e1 com a do Dia do Diploma que ser\u00e1 assinalado no dia 12 de Setembro de 2008.<\/p>\n<ul>\n<li>Melhor aluno do ensino secund\u00e1rio dos cursos cient\u00edfico human\u00edstico <b>Hugo Miguel Martins Cachitas<\/b> (m\u00e9dia final de 18,2)<\/li>\n<li>Melhor aluno dos cursos profissionais ou tecnol\u00f3gicos e dos cursos de ensino art\u00edstico especializado <b>Ma\u00edsa de Jesus Sanches Garcia<\/b> (m\u00e9dia final de 16,2)<br \/>\n<b><\/b><\/li>\n<\/ul>\n<p><b>Dia do Diploma<\/b> que ser\u00e1 assinalado, pela primeira vez, no dia <b>12 de Setembro de 2008<\/b>.<\/p>\n<p>Neste dia, a escola vai promover, envolvendo a respectiva comunidade educativa, uma ac\u00e7\u00e3o formal de entrega de certificados e de diplomas aos alunos que tenham terminado o ensino secund\u00e1rio no ano lectivo de 2007\/2008. Para o efeito, a escola ir\u00e1 passar, de acordo com as normas legais, os diplomas de todos os seus alunos que conclu\u00edram o ensino secund\u00e1rio. A passagem de diplomas n\u00e3o carece de requerimento por parte dos interessados nem implica o pagamento de quaisquer taxas.<\/p>\n<p>A cerim\u00f3nia de entrega de diplomas realiza-se no <b>Anfiteatro<\/b> (Bloco E), <b>pelas 15.00h<\/b>.<\/p>\n<p><b>Alunos que terminaram o ensino secund\u00e1rio no ano lectivo de 2007\/2008.<\/b><\/p>\n<ul>\n<li>Hugo Miguel Martins Cachitas<\/li>\n<li>Ana Catarina da Cruz Lima<\/li>\n<li>Sara Alexandra Cartaxo de Almeida<\/li>\n<li>Rui Alexandre Creado da Silva Farinha<\/li>\n<li>Luis Pedro Roque Pires<\/li>\n<li>Ma\u00edsa de Jesus Sanches Garcia<\/li>\n<li>Andr\u00e9 Filipe Teixeira da Costa<\/li>\n<li>Christopher Pereira Costa<\/li>\n<li>Raquel Alexandra Cardoso Pires<\/li>\n<li>T\u00e2nia Filipa Martins Correia<\/li>\n<li>Carolina Alexandra Sousa Assun\u00e7\u00e3o<\/li>\n<li>Rafael Jo\u00e3o Domingues de Oliveira<\/li>\n<li>Sofia Alexandra Gon\u00e7alves Correia<\/li>\n<li>Michael \u00c2ngelo dos Santos Fernandes<\/li>\n<li>Denise de Jesus Lopes de Melo<\/li>\n<li>Jo\u00e3o Pedro Gomes da Costa P de Sousa<\/li>\n<li>Vando Yuri Correia Campos<\/li>\n<li>Margarida Nogueira Pestana<\/li>\n<li>S\u00edlvia Filipa Santos Martins<\/li>\n<li>Daniel Filipe Melro Gomes<\/li>\n<li>Mariana In\u00eas Faustino Marques<\/li>\n<li>M\u00f3nica Coelho Mesquita<\/li>\n<li>Pedro Miguel Vaz Dias Fona<\/li>\n<li>Margarida Batista Pires<\/li>\n<li>Andreia Filipa da Costa Guerreiro<\/li>\n<li>V\u00edtor Manuel da Gra\u00e7a Ferreira<\/li>\n<li>Daniela Marisa Sousa Sim\u00f5es<\/li>\n<li>Raquel Ferreira de Lemos Armada<\/li>\n<li>Germana Maria Dias Marques<\/li>\n<li>Liliana Alexandra Gra\u00e7a Godinho<\/li>\n<li>Jandira Catila Moreira de Almeida<\/li>\n<li>Soraia Andreia da Costa Luis<\/li>\n<li>El\u00f3ida Cristina Rocha Lopes<\/li>\n<li>Fani Isabel da Encarna\u00e7\u00e3o Ferreira<\/li>\n<li>Bruno Miguel de Oliveira Esteves<\/li>\n<li>Maria Jo\u00e3o Cardoso Bondoso<\/li>\n<li>Sara Cristina de S Domingues Louro Friza<\/li>\n<li>Vanessa Alexandra L\u00facio Martinho<\/li>\n<li>N\u00e1dia Alexandra Camelo Rodrigues<\/li>\n<li>Bruno Miguel Ramos<\/li>\n<li>Maria Lu\u00edsa Djal\u00f3 Balde<\/li>\n<li>Andreia Filipa Rodrigues Antunes<\/li>\n<li>Jo\u00e3o Filipe Fernandes Dur\u00e3o<\/li>\n<li>Andr\u00e9 Filipe de Jesus Fel\u00edcio<\/li>\n<li>Ian Ari Teixeira Lopes<\/li>\n<li>Lu\u00edsa da Gra\u00e7a Pires dos Santos<\/li>\n<li>Duarte Nuno Balombo Pedroso Pereira<\/li>\n<li>Tom\u00e1s de Jesus Bacha<\/li>\n<li>Evandro Jo\u00e3o Sousa Cravid<\/li>\n<li>C\u00e1tia Alexandra Monteiro Mestre<\/li>\n<li>Ricardo Jos\u00e9 Alves Quintas<\/li>\n<li>Jo\u00e3o Pedro Carapinha Tapadas<\/li>\n<li>Aguinell Epifani Vieira Togo<\/li>\n<li>Keila Samanta Rocha Brito<\/li>\n<li>Tiago da Palma Marques<\/li>\n<li>Leandro Emanuel Dam\u00e1sio Coelho<\/li>\n<li>Neuza Keura Martins Mabi<\/li>\n<li>Sandrina Silva Fernandes<\/li>\n<li>C\u00e9lia Denise Fontes Mateus<\/li>\n<\/ul>\n","protected":false},"excerpt":{"rendered":"<p>O Pr\u00e9mio de M\u00e9rito Minist\u00e9rio da Educa\u00e7\u00e3o \u00e9 institu\u00eddo com o objectivo de distinguir, em cada escola, o melhor aluno do ensino secund\u00e1rio dos cursos cient\u00edfico human\u00edsticos, dos cursos profissionais ou tecnol\u00f3gicos e dos cursos de ensino art\u00edstico especializado. Conjuntamente com a atribui\u00e7\u00e3o do pr\u00e9mio pecuni\u00e1rio, ser\u00e1 igualmente entregue aos alunos premiados um diploma alusivo &#8230; <a title=\"Dia do Diploma e Pr\u00e9mio de M\u00e9rito-12 SET2008\" class=\"read-more\" href=\"https:\/\/www.esbb.pt\/web\/2008\/09\/07\/dia-do-diploma-e-premio-de-merito-12-set2008\/\" aria-label=\"Leia mais sobre Dia do Diploma e Pr\u00e9mio de M\u00e9rito-12 SET2008\">Ler mais<\/a><\/p>\n","protected":false},"author":1,"featured_media":0,"comment_status":"closed","ping_status":"open","sticky":false,"template":"","format":"standard","meta":{"footnotes":""},"categories":[1],"tags":[],"class_list":["post-289","post","type-post","status-publish","format-standard","hentry","category-geral"],"_links":{"self":[{"href":"https:\/\/www.esbb.pt\/web\/wp-json\/wp\/v2\/posts\/289","targetHints":{"allow":["GET"]}}],"collection":[{"href":"https:\/\/www.esbb.pt\/web\/wp-json\/wp\/v2\/posts"}],"about":[{"href":"https:\/\/www.esbb.pt\/web\/wp-json\/wp\/v2\/types\/post"}],"author":[{"embeddable":true,"href":"https:\/\/www.esbb.pt\/web\/wp-json\/wp\/v2\/users\/1"}],"replies":[{"embeddable":true,"href":"https:\/\/www.esbb.pt\/web\/wp-json\/wp\/v2\/comments?post=289"}],"version-history":[{"count":1,"href":"https:\/\/www.esbb.pt\/web\/wp-json\/wp\/v2\/posts\/289\/revisions"}],"predecessor-version":[{"id":290,"href":"https:\/\/www.esbb.pt\/web\/wp-json\/wp\/v2\/posts\/289\/revisions\/290"}],"wp:attachment":[{"href":"https:\/\/www.esbb.pt\/web\/wp-json\/wp\/v2\/media?parent=289"}],"wp:term":[{"taxonomy":"category","embeddable":true,"href":"https:\/\/www.esbb.pt\/web\/wp-json\/wp\/v2\/categories?post=289"},{"taxonomy":"post_tag","embeddable":true,"href":"https:\/\/www.esbb.pt\/web\/wp-json\/wp\/v2\/tags?post=289"}],"curies":[{"name":"wp","href":"https:\/\/api.w.org\/{rel}","templated":true}]}}