{"id":2840,"date":"2019-12-02T12:22:07","date_gmt":"2019-12-02T12:22:07","guid":{"rendered":"http:\/\/www.esbb.pt\/web\/?p=2840"},"modified":"2019-12-02T12:22:07","modified_gmt":"2019-12-02T12:22:07","slug":"dia-mundial-do-nao-fumador-17-de-novembro","status":"publish","type":"post","link":"https:\/\/www.esbb.pt\/web\/2019\/12\/02\/dia-mundial-do-nao-fumador-17-de-novembro\/","title":{"rendered":"Dia mundial do n\u00e3o fumador &#8211; 17 de novembro"},"content":{"rendered":"<p>No \u00e2mbito do Projeto da Promo\u00e7\u00e3o e Educa\u00e7\u00e3o para a Sa\u00fade, realizou-se no dia 18 de novembro de manh\u00e3, no anfiteatro do Bloco E, uma palestra dinamizada pela enfermeira Clara Saramago, da Unidade de Sa\u00fade Familiar do Vale da Amoreira.<\/p>\n<p>A a\u00e7\u00e3o consistiu numa sensibiliza\u00e7\u00e3o para os perigos do tabagismo e para a import\u00e2ncia de deixar de fumar.<\/p>\n<p><!--more--><\/p>\n<p><a href=\"http:\/\/www.esbb.pt\/web\/wp-content\/uploads\/2019\/12\/esbb_dia_nao_fumador_01.jpg\"><img loading=\"lazy\" decoding=\"async\" class=\"alignnone size-full wp-image-2841\" src=\"http:\/\/www.esbb.pt\/web\/wp-content\/uploads\/2019\/12\/esbb_dia_nao_fumador_01.jpg\" alt=\"\" width=\"909\" height=\"682\" srcset=\"https:\/\/www.esbb.pt\/web\/wp-content\/uploads\/2019\/12\/esbb_dia_nao_fumador_01.jpg 909w, https:\/\/www.esbb.pt\/web\/wp-content\/uploads\/2019\/12\/esbb_dia_nao_fumador_01-300x225.jpg 300w, https:\/\/www.esbb.pt\/web\/wp-content\/uploads\/2019\/12\/esbb_dia_nao_fumador_01-768x576.jpg 768w\" sizes=\"auto, (max-width: 909px) 100vw, 909px\" \/><\/a> <a href=\"http:\/\/www.esbb.pt\/web\/wp-content\/uploads\/2019\/12\/esbb_dia_nao_fumador_02.jpg\"><img loading=\"lazy\" decoding=\"async\" class=\"alignnone size-full wp-image-2842\" src=\"http:\/\/www.esbb.pt\/web\/wp-content\/uploads\/2019\/12\/esbb_dia_nao_fumador_02.jpg\" alt=\"\" width=\"1920\" height=\"1440\" srcset=\"https:\/\/www.esbb.pt\/web\/wp-content\/uploads\/2019\/12\/esbb_dia_nao_fumador_02.jpg 1920w, https:\/\/www.esbb.pt\/web\/wp-content\/uploads\/2019\/12\/esbb_dia_nao_fumador_02-300x225.jpg 300w, https:\/\/www.esbb.pt\/web\/wp-content\/uploads\/2019\/12\/esbb_dia_nao_fumador_02-768x576.jpg 768w, https:\/\/www.esbb.pt\/web\/wp-content\/uploads\/2019\/12\/esbb_dia_nao_fumador_02-1024x768.jpg 1024w\" sizes=\"auto, (max-width: 1920px) 100vw, 1920px\" \/><\/a> <a href=\"http:\/\/www.esbb.pt\/web\/wp-content\/uploads\/2019\/12\/esbb_dia_nao_fumador_04.jpg\"><img loading=\"lazy\" decoding=\"async\" class=\"alignnone size-full wp-image-2843\" src=\"http:\/\/www.esbb.pt\/web\/wp-content\/uploads\/2019\/12\/esbb_dia_nao_fumador_04.jpg\" alt=\"\" width=\"1920\" height=\"1440\" srcset=\"https:\/\/www.esbb.pt\/web\/wp-content\/uploads\/2019\/12\/esbb_dia_nao_fumador_04.jpg 1920w, https:\/\/www.esbb.pt\/web\/wp-content\/uploads\/2019\/12\/esbb_dia_nao_fumador_04-300x225.jpg 300w, https:\/\/www.esbb.pt\/web\/wp-content\/uploads\/2019\/12\/esbb_dia_nao_fumador_04-768x576.jpg 768w, https:\/\/www.esbb.pt\/web\/wp-content\/uploads\/2019\/12\/esbb_dia_nao_fumador_04-1024x768.jpg 1024w\" sizes=\"auto, (max-width: 1920px) 100vw, 1920px\" \/><\/a><\/p>\n","protected":false},"excerpt":{"rendered":"<p>No \u00e2mbito do Projeto da Promo\u00e7\u00e3o e Educa\u00e7\u00e3o para a Sa\u00fade, realizou-se no dia 18 de novembro de manh\u00e3, no anfiteatro do Bloco E, uma palestra dinamizada pela enfermeira Clara Saramago, da Unidade de Sa\u00fade Familiar do Vale da Amoreira. A a\u00e7\u00e3o consistiu numa sensibiliza\u00e7\u00e3o para os perigos do tabagismo e para a import\u00e2ncia de &#8230; <a title=\"Dia mundial do n\u00e3o fumador &#8211; 17 de novembro\" class=\"read-more\" href=\"https:\/\/www.esbb.pt\/web\/2019\/12\/02\/dia-mundial-do-nao-fumador-17-de-novembro\/\" aria-label=\"Leia mais sobre Dia mundial do n\u00e3o fumador &#8211; 17 de novembro\">Ler mais<\/a><\/p>\n","protected":false},"author":1,"featured_media":2844,"comment_status":"closed","ping_status":"open","sticky":false,"template":"","format":"standard","meta":{"footnotes":""},"categories":[1],"tags":[],"class_list":["post-2840","post","type-post","status-publish","format-standard","has-post-thumbnail","hentry","category-geral"],"_links":{"self":[{"href":"https:\/\/www.esbb.pt\/web\/wp-json\/wp\/v2\/posts\/2840","targetHints":{"allow":["GET"]}}],"collection":[{"href":"https:\/\/www.esbb.pt\/web\/wp-json\/wp\/v2\/posts"}],"about":[{"href":"https:\/\/www.esbb.pt\/web\/wp-json\/wp\/v2\/types\/post"}],"author":[{"embeddable":true,"href":"https:\/\/www.esbb.pt\/web\/wp-json\/wp\/v2\/users\/1"}],"replies":[{"embeddable":true,"href":"https:\/\/www.esbb.pt\/web\/wp-json\/wp\/v2\/comments?post=2840"}],"version-history":[{"count":1,"href":"https:\/\/www.esbb.pt\/web\/wp-json\/wp\/v2\/posts\/2840\/revisions"}],"predecessor-version":[{"id":2845,"href":"https:\/\/www.esbb.pt\/web\/wp-json\/wp\/v2\/posts\/2840\/revisions\/2845"}],"wp:featuredmedia":[{"embeddable":true,"href":"https:\/\/www.esbb.pt\/web\/wp-json\/wp\/v2\/media\/2844"}],"wp:attachment":[{"href":"https:\/\/www.esbb.pt\/web\/wp-json\/wp\/v2\/media?parent=2840"}],"wp:term":[{"taxonomy":"category","embeddable":true,"href":"https:\/\/www.esbb.pt\/web\/wp-json\/wp\/v2\/categories?post=2840"},{"taxonomy":"post_tag","embeddable":true,"href":"https:\/\/www.esbb.pt\/web\/wp-json\/wp\/v2\/tags?post=2840"}],"curies":[{"name":"wp","href":"https:\/\/api.w.org\/{rel}","templated":true}]}}