{"id":281,"date":"2008-06-09T15:47:41","date_gmt":"2008-06-09T14:47:41","guid":{"rendered":"http:\/\/www.esbb.pt\/web\/?p=281"},"modified":"2017-05-17T15:47:58","modified_gmt":"2017-05-17T14:47:58","slug":"30o-aniversario-da-escola-secundaria-da-baixa-da-banheira","status":"publish","type":"post","link":"https:\/\/www.esbb.pt\/web\/2008\/06\/09\/30o-aniversario-da-escola-secundaria-da-baixa-da-banheira\/","title":{"rendered":"30\u00ba Anivers\u00e1rio da Escola Secund\u00e1ria da Baixa da Banheira"},"content":{"rendered":"<p>Celebramos os 30 anos da nossa escola.<\/p>\n<p>E essa evoca\u00e7\u00e3o para n\u00f3s ganha sentido no respeito pelo que fomos, no orgulho do que somos e na afirma\u00e7\u00e3o do que queremos ser, continuando a nossa miss\u00e3o de desafiar o futuro em que os nossos alunos se projectam.<\/p>\n<p><a href=\"http:\/\/esbb.pt\/modules\/tinycontent\/index.php?id=101\">&#8211; Exposi\u00e7\u00e3o de Artes Pl\u00e1sticas ARTESFERA, Da Arte \u00e0 Escola Da Escola \u00e0 Arte IX, de 3 a 13 de Junho de 2008, na Sala de Exposi\u00e7\u00f5es da Escola.<\/a><\/p>\n<p>&#8211; Exposi\u00e7\u00e3o de fotografias dos 30 anos da Escola, de 17 a 27 de Junho de 2008, na Sala de Exposi\u00e7\u00f5es da Escola<\/p>\n<p><a href=\"http:\/\/esbb.pt\/modules\/news\/article.php?storyid=16\">&#8211; Jantar conv\u00edvio no dia 28 de Junho de 2008, pelas 20.00h<\/a><\/p>\n","protected":false},"excerpt":{"rendered":"<p>Celebramos os 30 anos da nossa escola. E essa evoca\u00e7\u00e3o para n\u00f3s ganha sentido no respeito pelo que fomos, no orgulho do que somos e na afirma\u00e7\u00e3o do que queremos ser, continuando a nossa miss\u00e3o de desafiar o futuro em que os nossos alunos se projectam. &#8211; Exposi\u00e7\u00e3o de Artes Pl\u00e1sticas ARTESFERA, Da Arte \u00e0 &#8230; <a title=\"30\u00ba Anivers\u00e1rio da Escola Secund\u00e1ria da Baixa da Banheira\" class=\"read-more\" href=\"https:\/\/www.esbb.pt\/web\/2008\/06\/09\/30o-aniversario-da-escola-secundaria-da-baixa-da-banheira\/\" aria-label=\"Leia mais sobre 30\u00ba Anivers\u00e1rio da Escola Secund\u00e1ria da Baixa da Banheira\">Ler mais<\/a><\/p>\n","protected":false},"author":1,"featured_media":0,"comment_status":"closed","ping_status":"open","sticky":false,"template":"","format":"standard","meta":{"footnotes":""},"categories":[1],"tags":[],"class_list":["post-281","post","type-post","status-publish","format-standard","hentry","category-geral"],"_links":{"self":[{"href":"https:\/\/www.esbb.pt\/web\/wp-json\/wp\/v2\/posts\/281","targetHints":{"allow":["GET"]}}],"collection":[{"href":"https:\/\/www.esbb.pt\/web\/wp-json\/wp\/v2\/posts"}],"about":[{"href":"https:\/\/www.esbb.pt\/web\/wp-json\/wp\/v2\/types\/post"}],"author":[{"embeddable":true,"href":"https:\/\/www.esbb.pt\/web\/wp-json\/wp\/v2\/users\/1"}],"replies":[{"embeddable":true,"href":"https:\/\/www.esbb.pt\/web\/wp-json\/wp\/v2\/comments?post=281"}],"version-history":[{"count":1,"href":"https:\/\/www.esbb.pt\/web\/wp-json\/wp\/v2\/posts\/281\/revisions"}],"predecessor-version":[{"id":282,"href":"https:\/\/www.esbb.pt\/web\/wp-json\/wp\/v2\/posts\/281\/revisions\/282"}],"wp:attachment":[{"href":"https:\/\/www.esbb.pt\/web\/wp-json\/wp\/v2\/media?parent=281"}],"wp:term":[{"taxonomy":"category","embeddable":true,"href":"https:\/\/www.esbb.pt\/web\/wp-json\/wp\/v2\/categories?post=281"},{"taxonomy":"post_tag","embeddable":true,"href":"https:\/\/www.esbb.pt\/web\/wp-json\/wp\/v2\/tags?post=281"}],"curies":[{"name":"wp","href":"https:\/\/api.w.org\/{rel}","templated":true}]}}