{"id":2406,"date":"2019-03-22T17:03:01","date_gmt":"2019-03-22T17:03:01","guid":{"rendered":"http:\/\/www.esbb.pt\/web\/?p=2406"},"modified":"2019-03-22T17:03:01","modified_gmt":"2019-03-22T17:03:01","slug":"s-valentim","status":"publish","type":"post","link":"https:\/\/www.esbb.pt\/web\/2019\/03\/22\/s-valentim\/","title":{"rendered":"S. Valentim"},"content":{"rendered":"<p>No \u00e2mbito das festividades do dia S. Valentim, as turmas de Restaura\u00e7\u00e3o, com a supervis\u00e3o dos seus formadores, elaboraram bombons para distribuir pela comunidade escolar tornando assim as rela\u00e7\u00f5es interpessoais mais doces.<\/p>\n<p><a href=\"http:\/\/www.esbb.pt\/web\/wp-content\/uploads\/2019\/03\/esbb_svalentim_01.jpg\"><img loading=\"lazy\" decoding=\"async\" class=\"alignnone size-full wp-image-2407\" src=\"http:\/\/www.esbb.pt\/web\/wp-content\/uploads\/2019\/03\/esbb_svalentim_01.jpg\" alt=\"\" width=\"638\" height=\"479\" srcset=\"https:\/\/www.esbb.pt\/web\/wp-content\/uploads\/2019\/03\/esbb_svalentim_01.jpg 638w, https:\/\/www.esbb.pt\/web\/wp-content\/uploads\/2019\/03\/esbb_svalentim_01-300x225.jpg 300w\" sizes=\"auto, (max-width: 638px) 100vw, 638px\" \/><\/a> <a href=\"http:\/\/www.esbb.pt\/web\/wp-content\/uploads\/2019\/03\/esbb_svalentim_02.jpg\"><img loading=\"lazy\" decoding=\"async\" class=\"alignnone size-full wp-image-2408\" src=\"http:\/\/www.esbb.pt\/web\/wp-content\/uploads\/2019\/03\/esbb_svalentim_02.jpg\" alt=\"\" width=\"637\" height=\"494\" srcset=\"https:\/\/www.esbb.pt\/web\/wp-content\/uploads\/2019\/03\/esbb_svalentim_02.jpg 637w, https:\/\/www.esbb.pt\/web\/wp-content\/uploads\/2019\/03\/esbb_svalentim_02-300x233.jpg 300w\" sizes=\"auto, (max-width: 637px) 100vw, 637px\" \/><\/a> <a href=\"http:\/\/www.esbb.pt\/web\/wp-content\/uploads\/2019\/03\/esbb_svalentim_03.jpg\"><img loading=\"lazy\" decoding=\"async\" class=\"alignnone size-full wp-image-2409\" src=\"http:\/\/www.esbb.pt\/web\/wp-content\/uploads\/2019\/03\/esbb_svalentim_03.jpg\" alt=\"\" width=\"638\" height=\"491\" srcset=\"https:\/\/www.esbb.pt\/web\/wp-content\/uploads\/2019\/03\/esbb_svalentim_03.jpg 638w, https:\/\/www.esbb.pt\/web\/wp-content\/uploads\/2019\/03\/esbb_svalentim_03-300x231.jpg 300w\" sizes=\"auto, (max-width: 638px) 100vw, 638px\" \/><\/a> <a href=\"http:\/\/www.esbb.pt\/web\/wp-content\/uploads\/2019\/03\/esbb_svalentim_04.jpg\"><img loading=\"lazy\" decoding=\"async\" class=\"alignnone size-full wp-image-2410\" src=\"http:\/\/www.esbb.pt\/web\/wp-content\/uploads\/2019\/03\/esbb_svalentim_04.jpg\" alt=\"\" width=\"643\" height=\"499\" srcset=\"https:\/\/www.esbb.pt\/web\/wp-content\/uploads\/2019\/03\/esbb_svalentim_04.jpg 643w, https:\/\/www.esbb.pt\/web\/wp-content\/uploads\/2019\/03\/esbb_svalentim_04-300x233.jpg 300w\" sizes=\"auto, (max-width: 643px) 100vw, 643px\" \/><\/a><\/p>\n","protected":false},"excerpt":{"rendered":"<p>No \u00e2mbito das festividades do dia S. Valentim, as turmas de Restaura\u00e7\u00e3o, com a supervis\u00e3o dos seus formadores, elaboraram bombons para distribuir pela comunidade escolar tornando assim as rela\u00e7\u00f5es interpessoais mais doces.<\/p>\n","protected":false},"author":1,"featured_media":2411,"comment_status":"closed","ping_status":"open","sticky":false,"template":"","format":"standard","meta":{"footnotes":""},"categories":[1],"tags":[],"class_list":["post-2406","post","type-post","status-publish","format-standard","has-post-thumbnail","hentry","category-geral"],"_links":{"self":[{"href":"https:\/\/www.esbb.pt\/web\/wp-json\/wp\/v2\/posts\/2406","targetHints":{"allow":["GET"]}}],"collection":[{"href":"https:\/\/www.esbb.pt\/web\/wp-json\/wp\/v2\/posts"}],"about":[{"href":"https:\/\/www.esbb.pt\/web\/wp-json\/wp\/v2\/types\/post"}],"author":[{"embeddable":true,"href":"https:\/\/www.esbb.pt\/web\/wp-json\/wp\/v2\/users\/1"}],"replies":[{"embeddable":true,"href":"https:\/\/www.esbb.pt\/web\/wp-json\/wp\/v2\/comments?post=2406"}],"version-history":[{"count":1,"href":"https:\/\/www.esbb.pt\/web\/wp-json\/wp\/v2\/posts\/2406\/revisions"}],"predecessor-version":[{"id":2412,"href":"https:\/\/www.esbb.pt\/web\/wp-json\/wp\/v2\/posts\/2406\/revisions\/2412"}],"wp:featuredmedia":[{"embeddable":true,"href":"https:\/\/www.esbb.pt\/web\/wp-json\/wp\/v2\/media\/2411"}],"wp:attachment":[{"href":"https:\/\/www.esbb.pt\/web\/wp-json\/wp\/v2\/media?parent=2406"}],"wp:term":[{"taxonomy":"category","embeddable":true,"href":"https:\/\/www.esbb.pt\/web\/wp-json\/wp\/v2\/categories?post=2406"},{"taxonomy":"post_tag","embeddable":true,"href":"https:\/\/www.esbb.pt\/web\/wp-json\/wp\/v2\/tags?post=2406"}],"curies":[{"name":"wp","href":"https:\/\/api.w.org\/{rel}","templated":true}]}}