{"id":2284,"date":"2019-02-01T15:59:23","date_gmt":"2019-02-01T15:59:23","guid":{"rendered":"http:\/\/www.esbb.pt\/web\/?p=2284"},"modified":"2019-02-01T16:04:22","modified_gmt":"2019-02-01T16:04:22","slug":"dia-escolar-da-nao-violencia-e-da-paz-celebrado-na-esbb","status":"publish","type":"post","link":"https:\/\/www.esbb.pt\/web\/2019\/02\/01\/dia-escolar-da-nao-violencia-e-da-paz-celebrado-na-esbb\/","title":{"rendered":"Dia Escolar da N\u00e3o Viol\u00eancia e da Paz celebrado na ESBB"},"content":{"rendered":"<p>A Associa\u00e7\u00e3o de Estudantes da Escola Secund\u00e1ria da Baixa da Banheira assinalou o Dia da N\u00e3o Viol\u00eancia Escolar recolhendo os testemunhos dos alunos num cartaz sobre o que pensam e sentem sobre o tema.<\/p>\n<p><a href=\"http:\/\/www.esbb.pt\/web\/wp-content\/uploads\/2019\/02\/Dia-escolar-da-N\u00e3o-Viol\u00eancia-e-da-Paz.jpg\"><img loading=\"lazy\" decoding=\"async\" class=\"alignnone size-full wp-image-2285\" src=\"http:\/\/www.esbb.pt\/web\/wp-content\/uploads\/2019\/02\/Dia-escolar-da-N\u00e3o-Viol\u00eancia-e-da-Paz.jpg\" alt=\"\" width=\"1200\" height=\"1599\" srcset=\"https:\/\/www.esbb.pt\/web\/wp-content\/uploads\/2019\/02\/Dia-escolar-da-N\u00e3o-Viol\u00eancia-e-da-Paz.jpg 1200w, https:\/\/www.esbb.pt\/web\/wp-content\/uploads\/2019\/02\/Dia-escolar-da-N\u00e3o-Viol\u00eancia-e-da-Paz-225x300.jpg 225w, https:\/\/www.esbb.pt\/web\/wp-content\/uploads\/2019\/02\/Dia-escolar-da-N\u00e3o-Viol\u00eancia-e-da-Paz-768x1024.jpg 768w\" sizes=\"auto, (max-width: 1200px) 100vw, 1200px\" \/><\/a><\/p>\n","protected":false},"excerpt":{"rendered":"<p>A Associa\u00e7\u00e3o de Estudantes da Escola Secund\u00e1ria da Baixa da Banheira assinalou o Dia da N\u00e3o Viol\u00eancia Escolar recolhendo os testemunhos dos alunos num cartaz sobre o que pensam e sentem sobre o tema.<\/p>\n","protected":false},"author":1,"featured_media":2286,"comment_status":"closed","ping_status":"open","sticky":false,"template":"","format":"standard","meta":{"footnotes":""},"categories":[1],"tags":[],"class_list":["post-2284","post","type-post","status-publish","format-standard","has-post-thumbnail","hentry","category-geral"],"_links":{"self":[{"href":"https:\/\/www.esbb.pt\/web\/wp-json\/wp\/v2\/posts\/2284","targetHints":{"allow":["GET"]}}],"collection":[{"href":"https:\/\/www.esbb.pt\/web\/wp-json\/wp\/v2\/posts"}],"about":[{"href":"https:\/\/www.esbb.pt\/web\/wp-json\/wp\/v2\/types\/post"}],"author":[{"embeddable":true,"href":"https:\/\/www.esbb.pt\/web\/wp-json\/wp\/v2\/users\/1"}],"replies":[{"embeddable":true,"href":"https:\/\/www.esbb.pt\/web\/wp-json\/wp\/v2\/comments?post=2284"}],"version-history":[{"count":3,"href":"https:\/\/www.esbb.pt\/web\/wp-json\/wp\/v2\/posts\/2284\/revisions"}],"predecessor-version":[{"id":2294,"href":"https:\/\/www.esbb.pt\/web\/wp-json\/wp\/v2\/posts\/2284\/revisions\/2294"}],"wp:featuredmedia":[{"embeddable":true,"href":"https:\/\/www.esbb.pt\/web\/wp-json\/wp\/v2\/media\/2286"}],"wp:attachment":[{"href":"https:\/\/www.esbb.pt\/web\/wp-json\/wp\/v2\/media?parent=2284"}],"wp:term":[{"taxonomy":"category","embeddable":true,"href":"https:\/\/www.esbb.pt\/web\/wp-json\/wp\/v2\/categories?post=2284"},{"taxonomy":"post_tag","embeddable":true,"href":"https:\/\/www.esbb.pt\/web\/wp-json\/wp\/v2\/tags?post=2284"}],"curies":[{"name":"wp","href":"https:\/\/api.w.org\/{rel}","templated":true}]}}