{"id":2255,"date":"2018-12-21T10:25:37","date_gmt":"2018-12-21T10:25:37","guid":{"rendered":"http:\/\/www.esbb.pt\/web\/?p=2255"},"modified":"2018-12-21T10:25:37","modified_gmt":"2018-12-21T10:25:37","slug":"tomada-de-posse-da-ae-esbb","status":"publish","type":"post","link":"https:\/\/www.esbb.pt\/web\/2018\/12\/21\/tomada-de-posse-da-ae-esbb\/","title":{"rendered":"Tomada de posse da AE-ESBB"},"content":{"rendered":"<p>A tr\u00eas de dezembro de dois mil e dezoito, pelas nove horas e trinta minutos, na Escola Secund\u00e1ria da Baixa da Banheira, no Vale da Amoreira, realizou-se a Tomada de Posse dos \u00f3rg\u00e3os sociais da Associa\u00e7\u00e3o de Estudantes da Escola Secund\u00e1ria da Baixa da Banheira.<\/p>\n<p>Como resultado das elei\u00e7\u00f5es de vinte e tr\u00eas de novembro de dois mil e dezoito, foi empossada a \u00fanica lista candidata, que assume cumprir as suas fun\u00e7\u00f5es, no ano letivo de 2018\/2019 sendo constitu\u00edda pelos seguintes elementos:<\/p>\n<p><strong>Assembleia Geral<\/strong><\/p>\n<table width=\"293\">\n<tbody>\n<tr>\n<td width=\"113\"><em>Presidente <\/em><\/td>\n<td width=\"180\">Ricardo Martins (12\u00baCT) \u00ad\u00ad\u00ad\u00ad\u00ad\u00ad\u00ad\u00ad\u00ad\u00ad\u00ad\u00ad\u00ad\u00ad\u00ad\u00ad\u00ad\u00ad\u00ad<\/td>\n<\/tr>\n<tr>\n<td width=\"113\"><em>1\u00ba Secret\u00e1rio<\/em><\/td>\n<td width=\"180\">Ericlene Mateus (10\u00baLH)<\/td>\n<\/tr>\n<tr>\n<td width=\"113\"><em>2\u00ba Secret\u00e1rio<\/em><\/td>\n<td width=\"180\">Alicia Semedo (10\u00baLH)<\/td>\n<\/tr>\n<\/tbody>\n<\/table>\n<p><strong>Dire\u00e7\u00e3o<\/strong><\/p>\n<table width=\"293\">\n<tbody>\n<tr>\n<td width=\"113\"><em>Presidente<\/em><\/td>\n<td width=\"180\">Rodrigo Nascimento (12\u00baCT)<\/td>\n<\/tr>\n<tr>\n<td width=\"113\"><em>Vice-Presidente<\/em><\/td>\n<td width=\"180\">Maria Lima (10\u00baLH)<\/td>\n<\/tr>\n<tr>\n<td width=\"113\"><em>1\u00baTesoureiro<\/em><\/td>\n<td width=\"180\">Nuno Xavier (12\u00baLH)<\/td>\n<\/tr>\n<tr>\n<td width=\"113\"><em>2\u00baTesoureiro<\/em><\/td>\n<td width=\"180\">Eliana Miguel (10\u00baLH)<\/td>\n<\/tr>\n<tr>\n<td width=\"113\"><em>Secret\u00e1rio<\/em><\/td>\n<td width=\"180\">D\u00e1rcia Felisberto (10\u00baLH)<\/td>\n<\/tr>\n<tr>\n<td width=\"113\"><em>1\u00bavogal<\/em><\/td>\n<td width=\"180\">Josemara Filipe (10\u00baLH)<\/td>\n<\/tr>\n<tr>\n<td width=\"113\"><em>2\u00bavogal<\/em><\/td>\n<td width=\"180\">Cheinaz Silva (10\u00baLH)<\/td>\n<\/tr>\n<tr>\n<td width=\"113\"><em>3\u00bavogal <\/em><\/td>\n<td width=\"180\">Ruth Fernandes (10\u00baLH)<\/td>\n<\/tr>\n<\/tbody>\n<\/table>\n<p><strong>Conselho Fiscal<\/strong><\/p>\n<table width=\"293\">\n<tbody>\n<tr>\n<td width=\"113\"><em>Presidente<\/em><\/td>\n<td width=\"180\">Jo\u00e3o Gomes (12\u00baLH)<\/td>\n<\/tr>\n<tr>\n<td width=\"113\"><em>Secret\u00e1rio<\/em><\/td>\n<td width=\"180\">Let\u00edcia Gomes (10\u00baLH)<\/td>\n<\/tr>\n<tr>\n<td width=\"113\"><em>Relator<\/em><\/td>\n<td width=\"180\">Diana Sebasti\u00e3o (10\u00baLH)<\/td>\n<\/tr>\n<\/tbody>\n<\/table>\n<p><a href=\"http:\/\/www.esbb.pt\/web\/wp-content\/uploads\/2018\/12\/Tomada-posse-AE-ESBB-2018-19-1.jpg\"><img loading=\"lazy\" decoding=\"async\" class=\"alignnone size-full wp-image-2256\" src=\"http:\/\/www.esbb.pt\/web\/wp-content\/uploads\/2018\/12\/Tomada-posse-AE-ESBB-2018-19-1.jpg\" alt=\"\" width=\"4160\" height=\"2336\" srcset=\"https:\/\/www.esbb.pt\/web\/wp-content\/uploads\/2018\/12\/Tomada-posse-AE-ESBB-2018-19-1.jpg 4160w, https:\/\/www.esbb.pt\/web\/wp-content\/uploads\/2018\/12\/Tomada-posse-AE-ESBB-2018-19-1-300x168.jpg 300w, https:\/\/www.esbb.pt\/web\/wp-content\/uploads\/2018\/12\/Tomada-posse-AE-ESBB-2018-19-1-768x431.jpg 768w, https:\/\/www.esbb.pt\/web\/wp-content\/uploads\/2018\/12\/Tomada-posse-AE-ESBB-2018-19-1-1024x575.jpg 1024w\" sizes=\"auto, (max-width: 4160px) 100vw, 4160px\" \/><\/a> <a href=\"http:\/\/www.esbb.pt\/web\/wp-content\/uploads\/2018\/12\/Tomada-posse-AE-ESBB-2018-19-3.jpg\"><img loading=\"lazy\" decoding=\"async\" class=\"alignnone size-full wp-image-2257\" src=\"http:\/\/www.esbb.pt\/web\/wp-content\/uploads\/2018\/12\/Tomada-posse-AE-ESBB-2018-19-3.jpg\" alt=\"\" width=\"4160\" height=\"2336\" srcset=\"https:\/\/www.esbb.pt\/web\/wp-content\/uploads\/2018\/12\/Tomada-posse-AE-ESBB-2018-19-3.jpg 4160w, https:\/\/www.esbb.pt\/web\/wp-content\/uploads\/2018\/12\/Tomada-posse-AE-ESBB-2018-19-3-300x168.jpg 300w, https:\/\/www.esbb.pt\/web\/wp-content\/uploads\/2018\/12\/Tomada-posse-AE-ESBB-2018-19-3-768x431.jpg 768w, https:\/\/www.esbb.pt\/web\/wp-content\/uploads\/2018\/12\/Tomada-posse-AE-ESBB-2018-19-3-1024x575.jpg 1024w\" sizes=\"auto, (max-width: 4160px) 100vw, 4160px\" \/><\/a><\/p>\n","protected":false},"excerpt":{"rendered":"<p>A tr\u00eas de dezembro de dois mil e dezoito, pelas nove horas e trinta minutos, na Escola Secund\u00e1ria da Baixa da Banheira, no Vale da Amoreira, realizou-se a Tomada de Posse dos \u00f3rg\u00e3os sociais da Associa\u00e7\u00e3o de Estudantes da Escola Secund\u00e1ria da Baixa da Banheira. Como resultado das elei\u00e7\u00f5es de vinte e tr\u00eas de novembro &#8230; <a title=\"Tomada de posse da AE-ESBB\" class=\"read-more\" href=\"https:\/\/www.esbb.pt\/web\/2018\/12\/21\/tomada-de-posse-da-ae-esbb\/\" aria-label=\"Leia mais sobre Tomada de posse da AE-ESBB\">Ler mais<\/a><\/p>\n","protected":false},"author":1,"featured_media":2258,"comment_status":"closed","ping_status":"open","sticky":false,"template":"","format":"standard","meta":{"footnotes":""},"categories":[1],"tags":[],"class_list":["post-2255","post","type-post","status-publish","format-standard","has-post-thumbnail","hentry","category-geral"],"_links":{"self":[{"href":"https:\/\/www.esbb.pt\/web\/wp-json\/wp\/v2\/posts\/2255","targetHints":{"allow":["GET"]}}],"collection":[{"href":"https:\/\/www.esbb.pt\/web\/wp-json\/wp\/v2\/posts"}],"about":[{"href":"https:\/\/www.esbb.pt\/web\/wp-json\/wp\/v2\/types\/post"}],"author":[{"embeddable":true,"href":"https:\/\/www.esbb.pt\/web\/wp-json\/wp\/v2\/users\/1"}],"replies":[{"embeddable":true,"href":"https:\/\/www.esbb.pt\/web\/wp-json\/wp\/v2\/comments?post=2255"}],"version-history":[{"count":1,"href":"https:\/\/www.esbb.pt\/web\/wp-json\/wp\/v2\/posts\/2255\/revisions"}],"predecessor-version":[{"id":2259,"href":"https:\/\/www.esbb.pt\/web\/wp-json\/wp\/v2\/posts\/2255\/revisions\/2259"}],"wp:featuredmedia":[{"embeddable":true,"href":"https:\/\/www.esbb.pt\/web\/wp-json\/wp\/v2\/media\/2258"}],"wp:attachment":[{"href":"https:\/\/www.esbb.pt\/web\/wp-json\/wp\/v2\/media?parent=2255"}],"wp:term":[{"taxonomy":"category","embeddable":true,"href":"https:\/\/www.esbb.pt\/web\/wp-json\/wp\/v2\/categories?post=2255"},{"taxonomy":"post_tag","embeddable":true,"href":"https:\/\/www.esbb.pt\/web\/wp-json\/wp\/v2\/tags?post=2255"}],"curies":[{"name":"wp","href":"https:\/\/api.w.org\/{rel}","templated":true}]}}