{"id":2206,"date":"2018-11-07T12:53:31","date_gmt":"2018-11-07T12:53:31","guid":{"rendered":"http:\/\/www.esbb.pt\/web\/?p=2206"},"modified":"2018-11-07T12:53:31","modified_gmt":"2018-11-07T12:53:31","slug":"aviso-08-11-2018","status":"publish","type":"post","link":"https:\/\/www.esbb.pt\/web\/2018\/11\/07\/aviso-08-11-2018\/","title":{"rendered":"AVISO (08\/11\/2018)"},"content":{"rendered":"<p>Abertura de procedimento concursal comum, com car\u00e1ter de urg\u00eancia, destinado ao preenchimento de um posto de trabalho na Escola Secund\u00e1ria da Baixa da Banheira, em Vale da Amoreira, Moita, na modalidade de rela\u00e7\u00e3o jur\u00eddica de emprego p\u00fablico por tempo indeterminado, restrito a candidato abrangido pelo programa de regulariza\u00e7\u00e3o extraordin\u00e1ria de v\u00ednculos prec\u00e1rios (PREVPAP).<\/p>\n<p><b><a href=\"http:\/\/www.esbb.pt\/web\/wp-content\/uploads\/2018\/11\/Aviso_PREVPAP_publicacao.pdf\" target=\"_blank\" rel=\"noopener\">Consultar informa\u00e7\u00e3o aqui.<\/a><\/b><\/p>\n","protected":false},"excerpt":{"rendered":"<p>Abertura de procedimento concursal comum, com car\u00e1ter de urg\u00eancia, destinado ao preenchimento de um posto de trabalho na Escola Secund\u00e1ria da Baixa da Banheira, em Vale da Amoreira, Moita, na modalidade de rela\u00e7\u00e3o jur\u00eddica de emprego p\u00fablico por tempo indeterminado, restrito a candidato abrangido pelo programa de regulariza\u00e7\u00e3o extraordin\u00e1ria de v\u00ednculos prec\u00e1rios (PREVPAP). Consultar informa\u00e7\u00e3o &#8230; <a title=\"AVISO (08\/11\/2018)\" class=\"read-more\" href=\"https:\/\/www.esbb.pt\/web\/2018\/11\/07\/aviso-08-11-2018\/\" aria-label=\"Leia mais sobre AVISO (08\/11\/2018)\">Ler mais<\/a><\/p>\n","protected":false},"author":1,"featured_media":0,"comment_status":"closed","ping_status":"open","sticky":false,"template":"","format":"standard","meta":{"footnotes":""},"categories":[9],"tags":[],"class_list":["post-2206","post","type-post","status-publish","format-standard","hentry","category-concursospessoalnaodocente"],"_links":{"self":[{"href":"https:\/\/www.esbb.pt\/web\/wp-json\/wp\/v2\/posts\/2206","targetHints":{"allow":["GET"]}}],"collection":[{"href":"https:\/\/www.esbb.pt\/web\/wp-json\/wp\/v2\/posts"}],"about":[{"href":"https:\/\/www.esbb.pt\/web\/wp-json\/wp\/v2\/types\/post"}],"author":[{"embeddable":true,"href":"https:\/\/www.esbb.pt\/web\/wp-json\/wp\/v2\/users\/1"}],"replies":[{"embeddable":true,"href":"https:\/\/www.esbb.pt\/web\/wp-json\/wp\/v2\/comments?post=2206"}],"version-history":[{"count":1,"href":"https:\/\/www.esbb.pt\/web\/wp-json\/wp\/v2\/posts\/2206\/revisions"}],"predecessor-version":[{"id":2208,"href":"https:\/\/www.esbb.pt\/web\/wp-json\/wp\/v2\/posts\/2206\/revisions\/2208"}],"wp:attachment":[{"href":"https:\/\/www.esbb.pt\/web\/wp-json\/wp\/v2\/media?parent=2206"}],"wp:term":[{"taxonomy":"category","embeddable":true,"href":"https:\/\/www.esbb.pt\/web\/wp-json\/wp\/v2\/categories?post=2206"},{"taxonomy":"post_tag","embeddable":true,"href":"https:\/\/www.esbb.pt\/web\/wp-json\/wp\/v2\/tags?post=2206"}],"curies":[{"name":"wp","href":"https:\/\/api.w.org\/{rel}","templated":true}]}}