{"id":2188,"date":"2018-10-16T16:45:35","date_gmt":"2018-10-16T15:45:35","guid":{"rendered":"http:\/\/www.esbb.pt\/web\/?p=2188"},"modified":"2018-10-16T16:46:31","modified_gmt":"2018-10-16T15:46:31","slug":"em-outubro-vai-acontecer","status":"publish","type":"post","link":"https:\/\/www.esbb.pt\/web\/2018\/10\/16\/em-outubro-vai-acontecer\/","title":{"rendered":"Em outubro \u201cVai acontecer\u2026\u201d"},"content":{"rendered":"<hr \/>\n<h2>\nNo dia <strong>17 de outubro<\/strong>,<\/h2>\n<p>Pelas <strong>9:30 e 10:30<\/strong>, ocorrer\u00e1 uma atividade <strong>para alunos<\/strong> no \u00e2mbito do projeto Eco-escolas dinamizado pela AMARSUL \u2013 Projeto Ecovalor.<\/p>\n<p>A coordenadora Eco-escola, Professora Sofia Coelho, \u00e9 a respons\u00e1vel pela organiza\u00e7\u00e3o da atividade com os docentes das turmas envolvidas.<\/p>\n<p>Pelas <strong>14:30<\/strong>, ocorrer\u00e1 mesma atividade <strong>dirigida aos docentes e assistentes operacionais<\/strong>;<\/p>\n<p>&nbsp;<\/p>\n<hr \/>\n<h2>\nNo dia <strong>24 de outubro<\/strong>,<\/h2>\n<p>Pelas 10:20 e at\u00e9 \u00e0s 12:00 ocorrer\u00e1 a primeira <strong>Assembleia de Alunos<\/strong> deste ano letivo, promovida pela Associa\u00e7\u00e3o de Estudantes.<\/p>\n<p>Os alunos ter\u00e3o dispensa das aulas para participarem na Assembleia.<\/p>\n<p>&nbsp;<\/p>\n<hr \/>\n<h2>\nNo dia <strong>31 de outubro<\/strong>,<\/h2>\n<p>Pelas 10:20 at\u00e9 \u00e0s 12:00 ocorrer\u00e1 a primeira sess\u00e3o do <strong>Clube de Debate<\/strong> promovido pela Associa\u00e7\u00e3o de Estudantes- <strong>\u201cDistingue a Esquerda da Direita\u201d <\/strong>com a participa\u00e7\u00e3o especial de representantes de algumas juventudes partid\u00e1rias.<\/p>\n<p>Os alunos ter\u00e3o dispensa das aulas para participarem no clube de debate.<\/p>\n","protected":false},"excerpt":{"rendered":"<p>No dia 17 de outubro, Pelas 9:30 e 10:30, ocorrer\u00e1 uma atividade para alunos no \u00e2mbito do projeto Eco-escolas dinamizado pela AMARSUL \u2013 Projeto Ecovalor. A coordenadora Eco-escola, Professora Sofia Coelho, \u00e9 a respons\u00e1vel pela organiza\u00e7\u00e3o da atividade com os docentes das turmas envolvidas. Pelas 14:30, ocorrer\u00e1 mesma atividade dirigida aos docentes e assistentes operacionais; &#8230; <a title=\"Em outubro \u201cVai acontecer\u2026\u201d\" class=\"read-more\" href=\"https:\/\/www.esbb.pt\/web\/2018\/10\/16\/em-outubro-vai-acontecer\/\" aria-label=\"Leia mais sobre Em outubro \u201cVai acontecer\u2026\u201d\">Ler mais<\/a><\/p>\n","protected":false},"author":1,"featured_media":2189,"comment_status":"closed","ping_status":"open","sticky":false,"template":"","format":"standard","meta":{"footnotes":""},"categories":[1],"tags":[],"class_list":["post-2188","post","type-post","status-publish","format-standard","has-post-thumbnail","hentry","category-geral"],"_links":{"self":[{"href":"https:\/\/www.esbb.pt\/web\/wp-json\/wp\/v2\/posts\/2188","targetHints":{"allow":["GET"]}}],"collection":[{"href":"https:\/\/www.esbb.pt\/web\/wp-json\/wp\/v2\/posts"}],"about":[{"href":"https:\/\/www.esbb.pt\/web\/wp-json\/wp\/v2\/types\/post"}],"author":[{"embeddable":true,"href":"https:\/\/www.esbb.pt\/web\/wp-json\/wp\/v2\/users\/1"}],"replies":[{"embeddable":true,"href":"https:\/\/www.esbb.pt\/web\/wp-json\/wp\/v2\/comments?post=2188"}],"version-history":[{"count":3,"href":"https:\/\/www.esbb.pt\/web\/wp-json\/wp\/v2\/posts\/2188\/revisions"}],"predecessor-version":[{"id":2192,"href":"https:\/\/www.esbb.pt\/web\/wp-json\/wp\/v2\/posts\/2188\/revisions\/2192"}],"wp:featuredmedia":[{"embeddable":true,"href":"https:\/\/www.esbb.pt\/web\/wp-json\/wp\/v2\/media\/2189"}],"wp:attachment":[{"href":"https:\/\/www.esbb.pt\/web\/wp-json\/wp\/v2\/media?parent=2188"}],"wp:term":[{"taxonomy":"category","embeddable":true,"href":"https:\/\/www.esbb.pt\/web\/wp-json\/wp\/v2\/categories?post=2188"},{"taxonomy":"post_tag","embeddable":true,"href":"https:\/\/www.esbb.pt\/web\/wp-json\/wp\/v2\/tags?post=2188"}],"curies":[{"name":"wp","href":"https:\/\/api.w.org\/{rel}","templated":true}]}}