{"id":2149,"date":"2018-09-27T10:34:17","date_gmt":"2018-09-27T09:34:17","guid":{"rendered":"http:\/\/www.esbb.pt\/web\/?p=2149"},"modified":"2018-09-27T10:35:04","modified_gmt":"2018-09-27T09:35:04","slug":"dia-europeu-do-desporto-escolar","status":"publish","type":"post","link":"https:\/\/www.esbb.pt\/web\/2018\/09\/27\/dia-europeu-do-desporto-escolar\/","title":{"rendered":"Dia Europeu do Desporto Escolar"},"content":{"rendered":"<p>No dia 28 de Setembro, pr\u00f3xima sexta-feira, a nossa escola vai comemorar o dia Europeu do Desporto Escolar, numa iniciativa da equipa do desporto escolar, fazendo uma caminhada at\u00e9 ao Rio, por um itiner\u00e1rio que incluir\u00e1 o moinho de mar\u00e9 e o cais de Alhos Vedros e o Parque Ribeirinho Zeca Afonso na Baixa da Banheira.<\/p>\n<p><a href=\"http:\/\/desportoescolar.dge.mec.pt\/dia-europeu-do-desporto-escolar\" target=\"_blank\" rel=\"noopener\">http:\/\/desportoescolar.dge.mec.pt\/dia-europeu-do-desporto-escolar<\/a><\/p>\n","protected":false},"excerpt":{"rendered":"<p>No dia 28 de Setembro, pr\u00f3xima sexta-feira, a nossa escola vai comemorar o dia Europeu do Desporto Escolar, numa iniciativa da equipa do desporto escolar, fazendo uma caminhada at\u00e9 ao Rio, por um itiner\u00e1rio que incluir\u00e1 o moinho de mar\u00e9 e o cais de Alhos Vedros e o Parque Ribeirinho Zeca Afonso na Baixa da &#8230; <a title=\"Dia Europeu do Desporto Escolar\" class=\"read-more\" href=\"https:\/\/www.esbb.pt\/web\/2018\/09\/27\/dia-europeu-do-desporto-escolar\/\" aria-label=\"Leia mais sobre Dia Europeu do Desporto Escolar\">Ler mais<\/a><\/p>\n","protected":false},"author":1,"featured_media":2150,"comment_status":"closed","ping_status":"open","sticky":false,"template":"","format":"standard","meta":{"footnotes":""},"categories":[1],"tags":[],"class_list":["post-2149","post","type-post","status-publish","format-standard","has-post-thumbnail","hentry","category-geral"],"_links":{"self":[{"href":"https:\/\/www.esbb.pt\/web\/wp-json\/wp\/v2\/posts\/2149","targetHints":{"allow":["GET"]}}],"collection":[{"href":"https:\/\/www.esbb.pt\/web\/wp-json\/wp\/v2\/posts"}],"about":[{"href":"https:\/\/www.esbb.pt\/web\/wp-json\/wp\/v2\/types\/post"}],"author":[{"embeddable":true,"href":"https:\/\/www.esbb.pt\/web\/wp-json\/wp\/v2\/users\/1"}],"replies":[{"embeddable":true,"href":"https:\/\/www.esbb.pt\/web\/wp-json\/wp\/v2\/comments?post=2149"}],"version-history":[{"count":3,"href":"https:\/\/www.esbb.pt\/web\/wp-json\/wp\/v2\/posts\/2149\/revisions"}],"predecessor-version":[{"id":2153,"href":"https:\/\/www.esbb.pt\/web\/wp-json\/wp\/v2\/posts\/2149\/revisions\/2153"}],"wp:featuredmedia":[{"embeddable":true,"href":"https:\/\/www.esbb.pt\/web\/wp-json\/wp\/v2\/media\/2150"}],"wp:attachment":[{"href":"https:\/\/www.esbb.pt\/web\/wp-json\/wp\/v2\/media?parent=2149"}],"wp:term":[{"taxonomy":"category","embeddable":true,"href":"https:\/\/www.esbb.pt\/web\/wp-json\/wp\/v2\/categories?post=2149"},{"taxonomy":"post_tag","embeddable":true,"href":"https:\/\/www.esbb.pt\/web\/wp-json\/wp\/v2\/tags?post=2149"}],"curies":[{"name":"wp","href":"https:\/\/api.w.org\/{rel}","templated":true}]}}