{"id":2037,"date":"2018-06-29T16:40:44","date_gmt":"2018-06-29T15:40:44","guid":{"rendered":"http:\/\/www.esbb.pt\/web\/?p=2037"},"modified":"2018-06-29T16:40:44","modified_gmt":"2018-06-29T15:40:44","slug":"inauguracao-portaria","status":"publish","type":"post","link":"https:\/\/www.esbb.pt\/web\/2018\/06\/29\/inauguracao-portaria\/","title":{"rendered":"Inaugura\u00e7\u00e3o Portaria"},"content":{"rendered":"<p>Vinte e nove de junho de 2018, a Escola Secund\u00e1ria da Baixa da Banheira inaugurou a nova portaria junto \u00e0 Avenida Jos\u00e9 Almada Negreiros.<\/p>\n<p>Um desejo da comunidade educativa que s\u00f3 agora se concretizou com grande esfor\u00e7o da escola, a ajuda da C\u00e2mara Municipal da Moita e da Junta de Freguesia da Uni\u00e3o de Freguesias da Baixa da Banheira e Vale da amoreira.<\/p>\n<p><a href=\"http:\/\/www.esbb.pt\/web\/wp-content\/uploads\/2018\/06\/Foto-fam\u00edlia-inaugura\u00e7\u00e3o-portaria-Nova.jpg\"><img loading=\"lazy\" decoding=\"async\" class=\"wp-image-2039 size-large aligncenter\" src=\"http:\/\/www.esbb.pt\/web\/wp-content\/uploads\/2018\/06\/Foto-fam\u00edlia-inaugura\u00e7\u00e3o-portaria-Nova-1024x575.jpg\" alt=\"\" width=\"1024\" height=\"575\" srcset=\"https:\/\/www.esbb.pt\/web\/wp-content\/uploads\/2018\/06\/Foto-fam\u00edlia-inaugura\u00e7\u00e3o-portaria-Nova-1024x575.jpg 1024w, https:\/\/www.esbb.pt\/web\/wp-content\/uploads\/2018\/06\/Foto-fam\u00edlia-inaugura\u00e7\u00e3o-portaria-Nova-300x168.jpg 300w, https:\/\/www.esbb.pt\/web\/wp-content\/uploads\/2018\/06\/Foto-fam\u00edlia-inaugura\u00e7\u00e3o-portaria-Nova-768x431.jpg 768w\" sizes=\"auto, (max-width: 1024px) 100vw, 1024px\" \/><\/a><\/p>\n<p><a href=\"http:\/\/www.esbb.pt\/web\/wp-content\/uploads\/2018\/06\/IMG_20180629_143520.jpg\"><img loading=\"lazy\" decoding=\"async\" class=\"wp-image-2041 size-large aligncenter\" src=\"http:\/\/www.esbb.pt\/web\/wp-content\/uploads\/2018\/06\/IMG_20180629_143520-1024x575.jpg\" alt=\"\" width=\"1024\" height=\"575\" srcset=\"https:\/\/www.esbb.pt\/web\/wp-content\/uploads\/2018\/06\/IMG_20180629_143520-1024x575.jpg 1024w, https:\/\/www.esbb.pt\/web\/wp-content\/uploads\/2018\/06\/IMG_20180629_143520-300x168.jpg 300w, https:\/\/www.esbb.pt\/web\/wp-content\/uploads\/2018\/06\/IMG_20180629_143520-768x431.jpg 768w\" sizes=\"auto, (max-width: 1024px) 100vw, 1024px\" \/><\/a><\/p>\n<p><a href=\"http:\/\/www.esbb.pt\/web\/wp-content\/uploads\/2018\/06\/IMG_20180629_143552.jpg\"><img loading=\"lazy\" decoding=\"async\" class=\"wp-image-2042 size-large aligncenter\" src=\"http:\/\/www.esbb.pt\/web\/wp-content\/uploads\/2018\/06\/IMG_20180629_143552-1024x575.jpg\" alt=\"\" width=\"1024\" height=\"575\" srcset=\"https:\/\/www.esbb.pt\/web\/wp-content\/uploads\/2018\/06\/IMG_20180629_143552-1024x575.jpg 1024w, https:\/\/www.esbb.pt\/web\/wp-content\/uploads\/2018\/06\/IMG_20180629_143552-300x168.jpg 300w, https:\/\/www.esbb.pt\/web\/wp-content\/uploads\/2018\/06\/IMG_20180629_143552-768x431.jpg 768w\" sizes=\"auto, (max-width: 1024px) 100vw, 1024px\" \/><\/a><\/p>\n<p>&nbsp;<\/p>\n","protected":false},"excerpt":{"rendered":"<p>Vinte e nove de junho de 2018, a Escola Secund\u00e1ria da Baixa da Banheira inaugurou a nova portaria junto \u00e0 Avenida Jos\u00e9 Almada Negreiros. Um desejo da comunidade educativa que s\u00f3 agora se concretizou com grande esfor\u00e7o da escola, a ajuda da C\u00e2mara Municipal da Moita e da Junta de Freguesia da Uni\u00e3o de Freguesias &#8230; <a title=\"Inaugura\u00e7\u00e3o Portaria\" class=\"read-more\" href=\"https:\/\/www.esbb.pt\/web\/2018\/06\/29\/inauguracao-portaria\/\" aria-label=\"Leia mais sobre Inaugura\u00e7\u00e3o Portaria\">Ler mais<\/a><\/p>\n","protected":false},"author":1,"featured_media":2038,"comment_status":"closed","ping_status":"open","sticky":false,"template":"","format":"standard","meta":{"footnotes":""},"categories":[1],"tags":[],"class_list":["post-2037","post","type-post","status-publish","format-standard","has-post-thumbnail","hentry","category-geral"],"_links":{"self":[{"href":"https:\/\/www.esbb.pt\/web\/wp-json\/wp\/v2\/posts\/2037","targetHints":{"allow":["GET"]}}],"collection":[{"href":"https:\/\/www.esbb.pt\/web\/wp-json\/wp\/v2\/posts"}],"about":[{"href":"https:\/\/www.esbb.pt\/web\/wp-json\/wp\/v2\/types\/post"}],"author":[{"embeddable":true,"href":"https:\/\/www.esbb.pt\/web\/wp-json\/wp\/v2\/users\/1"}],"replies":[{"embeddable":true,"href":"https:\/\/www.esbb.pt\/web\/wp-json\/wp\/v2\/comments?post=2037"}],"version-history":[{"count":1,"href":"https:\/\/www.esbb.pt\/web\/wp-json\/wp\/v2\/posts\/2037\/revisions"}],"predecessor-version":[{"id":2043,"href":"https:\/\/www.esbb.pt\/web\/wp-json\/wp\/v2\/posts\/2037\/revisions\/2043"}],"wp:featuredmedia":[{"embeddable":true,"href":"https:\/\/www.esbb.pt\/web\/wp-json\/wp\/v2\/media\/2038"}],"wp:attachment":[{"href":"https:\/\/www.esbb.pt\/web\/wp-json\/wp\/v2\/media?parent=2037"}],"wp:term":[{"taxonomy":"category","embeddable":true,"href":"https:\/\/www.esbb.pt\/web\/wp-json\/wp\/v2\/categories?post=2037"},{"taxonomy":"post_tag","embeddable":true,"href":"https:\/\/www.esbb.pt\/web\/wp-json\/wp\/v2\/tags?post=2037"}],"curies":[{"name":"wp","href":"https:\/\/api.w.org\/{rel}","templated":true}]}}