{"id":1925,"date":"2018-04-09T17:12:17","date_gmt":"2018-04-09T16:12:17","guid":{"rendered":"http:\/\/www.esbb.pt\/web\/?p=1925"},"modified":"2018-04-09T17:12:17","modified_gmt":"2018-04-09T16:12:17","slug":"conselho-geral","status":"publish","type":"post","link":"https:\/\/www.esbb.pt\/web\/2018\/04\/09\/conselho-geral\/","title":{"rendered":"CONSELHO GERAL"},"content":{"rendered":"<p><strong>Elei\u00e7\u00e3o dos representantes ao Conselho Geral<\/strong><\/p>\n<p>Nos termos dos artigos 14.\u00ba e 15.\u00ba do Decreto-Lei n.\u00ba 137\/2012, de 2 de julho, informa-se toda a comunidade educativa que se encontra aberto o processo eleitoral destinado \u00e0 elei\u00e7\u00e3o dos representantes do pessoal docente e pessoal n\u00e3o docente no Conselho Geral da Escola Secundaria da Baixa da Banheira.<\/p>\n<p>O processo eleitoral rege-se pelo diploma acima referido e ainda no Regulamento Interno da Escola Secund\u00e1ria da Baixa da Banheira.<!--more--><\/p>\n<ul>\n<li>Este processo decorrer\u00e1 entre os dias 10 de abril e 10 de maio de 2018.<\/li>\n<li>A data limite para entrega das listas de candidatura ocorrer\u00e1 at\u00e9 \u00e0s 17,30 horas do dia 2 de maio (entregues nos Servi\u00e7os Administrativos) e ser\u00e3o afixadas no dia 3 de maio nos locais habituais.<\/li>\n<li>As assembleias eleitorais ter\u00e3o lugar no dia 10 de maio, entre as 9:30 e as 19:30 horas.<\/li>\n<\/ul>\n<p>Vale da amoreira, 10 de abril de 2018<\/p>\n<p>O Presidente do Conselho Geral, Ab\u00edlio Pardal Neto.<\/p>\n<hr \/>\n<p><strong>Para mais informa\u00e7\u00f5es consultar os links:<\/strong><\/p>\n<p><a href=\"http:\/\/www.esbb.pt\/web\/wp-content\/uploads\/2018\/04\/Conv_CG_Professores.pdf\" target=\"_blank\" rel=\"noopener\">Regulamento eleitoral \/ convocat\u00f3ria pessoal docente.<\/a><\/p>\n<p><a href=\"http:\/\/www.esbb.pt\/web\/wp-content\/uploads\/2018\/04\/Conv_CG_Pessoal_nao_Docente.pdf\" target=\"_blank\" rel=\"noopener\">Regulamento eleitoral \/ convocat\u00f3ria pessoal n\u00e3o docente.<\/a><\/p>\n<p>&nbsp;<\/p>\n<p>&nbsp;<\/p>\n<p>&nbsp;<\/p>\n","protected":false},"excerpt":{"rendered":"<p>Elei\u00e7\u00e3o dos representantes ao Conselho Geral Nos termos dos artigos 14.\u00ba e 15.\u00ba do Decreto-Lei n.\u00ba 137\/2012, de 2 de julho, informa-se toda a comunidade educativa que se encontra aberto o processo eleitoral destinado \u00e0 elei\u00e7\u00e3o dos representantes do pessoal docente e pessoal n\u00e3o docente no Conselho Geral da Escola Secundaria da Baixa da Banheira. &#8230; <a title=\"CONSELHO GERAL\" class=\"read-more\" href=\"https:\/\/www.esbb.pt\/web\/2018\/04\/09\/conselho-geral\/\" aria-label=\"Leia mais sobre CONSELHO GERAL\">Ler mais<\/a><\/p>\n","protected":false},"author":1,"featured_media":0,"comment_status":"closed","ping_status":"open","sticky":false,"template":"","format":"standard","meta":{"footnotes":""},"categories":[3,9,8],"tags":[],"class_list":["post-1925","post","type-post","status-publish","format-standard","hentry","category-concursos","category-concursospessoalnaodocente","category-concursospessoaldocente"],"_links":{"self":[{"href":"https:\/\/www.esbb.pt\/web\/wp-json\/wp\/v2\/posts\/1925","targetHints":{"allow":["GET"]}}],"collection":[{"href":"https:\/\/www.esbb.pt\/web\/wp-json\/wp\/v2\/posts"}],"about":[{"href":"https:\/\/www.esbb.pt\/web\/wp-json\/wp\/v2\/types\/post"}],"author":[{"embeddable":true,"href":"https:\/\/www.esbb.pt\/web\/wp-json\/wp\/v2\/users\/1"}],"replies":[{"embeddable":true,"href":"https:\/\/www.esbb.pt\/web\/wp-json\/wp\/v2\/comments?post=1925"}],"version-history":[{"count":1,"href":"https:\/\/www.esbb.pt\/web\/wp-json\/wp\/v2\/posts\/1925\/revisions"}],"predecessor-version":[{"id":1928,"href":"https:\/\/www.esbb.pt\/web\/wp-json\/wp\/v2\/posts\/1925\/revisions\/1928"}],"wp:attachment":[{"href":"https:\/\/www.esbb.pt\/web\/wp-json\/wp\/v2\/media?parent=1925"}],"wp:term":[{"taxonomy":"category","embeddable":true,"href":"https:\/\/www.esbb.pt\/web\/wp-json\/wp\/v2\/categories?post=1925"},{"taxonomy":"post_tag","embeddable":true,"href":"https:\/\/www.esbb.pt\/web\/wp-json\/wp\/v2\/tags?post=1925"}],"curies":[{"name":"wp","href":"https:\/\/api.w.org\/{rel}","templated":true}]}}