{"id":1902,"date":"2018-03-19T12:54:55","date_gmt":"2018-03-19T12:54:55","guid":{"rendered":"http:\/\/www.esbb.pt\/web\/?p=1902"},"modified":"2018-03-19T12:54:55","modified_gmt":"2018-03-19T12:54:55","slug":"animacao-musical-no-jardim-de-infancia-e-b-2-3-do-vale-da-amoreira","status":"publish","type":"post","link":"https:\/\/www.esbb.pt\/web\/2018\/03\/19\/animacao-musical-no-jardim-de-infancia-e-b-2-3-do-vale-da-amoreira\/","title":{"rendered":"Anima\u00e7\u00e3o musical no Jardim-de-Inf\u00e2ncia E B 2\/3 do Vale da Amoreira"},"content":{"rendered":"<p>No dia 23 de fevereiro, a turma do 11\u00ba ano do Curso Profissional de T\u00e9cnico de Apoio \u00e0 Inf\u00e2ncia realizou uma visita de estudo ao <strong>Jardim-de-Inf\u00e2ncia<\/strong> E B 2\/3 do Vale da Amoreira, no \u00e2mbito das disciplinas de T\u00e9cnica Pedag\u00f3gica e Interven\u00e7\u00e3o Educativa e Express\u00e3o Corporal Dram\u00e1tica e Musical. As alunas tiveram a oportunidade de observar uma aula do Jardim-de-Inf\u00e2ncia e realizaram uma atividade de express\u00e3o musical com as crian\u00e7as.<\/p>\n<p>Promoveu-se assim uma disposi\u00e7\u00e3o favor\u00e1vel \u00e0 aprendizagem e \u00e0 forma\u00e7\u00e3o e estabeleceu-se a t\u00e3o importante articula\u00e7\u00e3o entre os cursos profissionais e o mundo do trabalho.<\/p>\n","protected":false},"excerpt":{"rendered":"<p>No dia 23 de fevereiro, a turma do 11\u00ba ano do Curso Profissional de T\u00e9cnico de Apoio \u00e0 Inf\u00e2ncia realizou uma visita de estudo ao Jardim-de-Inf\u00e2ncia E B 2\/3 do Vale da Amoreira, no \u00e2mbito das disciplinas de T\u00e9cnica Pedag\u00f3gica e Interven\u00e7\u00e3o Educativa e Express\u00e3o Corporal Dram\u00e1tica e Musical. As alunas tiveram a oportunidade de &#8230; <a title=\"Anima\u00e7\u00e3o musical no Jardim-de-Inf\u00e2ncia E B 2\/3 do Vale da Amoreira\" class=\"read-more\" href=\"https:\/\/www.esbb.pt\/web\/2018\/03\/19\/animacao-musical-no-jardim-de-infancia-e-b-2-3-do-vale-da-amoreira\/\" aria-label=\"Leia mais sobre Anima\u00e7\u00e3o musical no Jardim-de-Inf\u00e2ncia E B 2\/3 do Vale da Amoreira\">Ler mais<\/a><\/p>\n","protected":false},"author":1,"featured_media":1903,"comment_status":"closed","ping_status":"open","sticky":false,"template":"","format":"standard","meta":{"footnotes":""},"categories":[1],"tags":[],"class_list":["post-1902","post","type-post","status-publish","format-standard","has-post-thumbnail","hentry","category-geral"],"_links":{"self":[{"href":"https:\/\/www.esbb.pt\/web\/wp-json\/wp\/v2\/posts\/1902","targetHints":{"allow":["GET"]}}],"collection":[{"href":"https:\/\/www.esbb.pt\/web\/wp-json\/wp\/v2\/posts"}],"about":[{"href":"https:\/\/www.esbb.pt\/web\/wp-json\/wp\/v2\/types\/post"}],"author":[{"embeddable":true,"href":"https:\/\/www.esbb.pt\/web\/wp-json\/wp\/v2\/users\/1"}],"replies":[{"embeddable":true,"href":"https:\/\/www.esbb.pt\/web\/wp-json\/wp\/v2\/comments?post=1902"}],"version-history":[{"count":1,"href":"https:\/\/www.esbb.pt\/web\/wp-json\/wp\/v2\/posts\/1902\/revisions"}],"predecessor-version":[{"id":1904,"href":"https:\/\/www.esbb.pt\/web\/wp-json\/wp\/v2\/posts\/1902\/revisions\/1904"}],"wp:featuredmedia":[{"embeddable":true,"href":"https:\/\/www.esbb.pt\/web\/wp-json\/wp\/v2\/media\/1903"}],"wp:attachment":[{"href":"https:\/\/www.esbb.pt\/web\/wp-json\/wp\/v2\/media?parent=1902"}],"wp:term":[{"taxonomy":"category","embeddable":true,"href":"https:\/\/www.esbb.pt\/web\/wp-json\/wp\/v2\/categories?post=1902"},{"taxonomy":"post_tag","embeddable":true,"href":"https:\/\/www.esbb.pt\/web\/wp-json\/wp\/v2\/tags?post=1902"}],"curies":[{"name":"wp","href":"https:\/\/api.w.org\/{rel}","templated":true}]}}