{"id":1854,"date":"2018-03-01T11:09:37","date_gmt":"2018-03-01T11:09:37","guid":{"rendered":"http:\/\/www.esbb.pt\/web\/?p=1854"},"modified":"2018-03-19T12:07:19","modified_gmt":"2018-03-19T12:07:19","slug":"escher-museu-nacional-de-arte-popular-em-lisboa","status":"publish","type":"post","link":"https:\/\/www.esbb.pt\/web\/2018\/03\/01\/escher-museu-nacional-de-arte-popular-em-lisboa\/","title":{"rendered":"Escher &#8211; Museu Nacional de Arte Popular em Lisboa"},"content":{"rendered":"<p>No passado dia 22 de fevereiro, 90 alunos e 6 professores da ESBB visitaram a exposi\u00e7\u00e3o de Escher no Museu Nacional de Arte Popular em Lisboa.<\/p>\n<p>Foi no \u00e2mbito de uma visita de estudo organizada pelos docentes de Matem\u00e1tica da ESBB. Esta exposi\u00e7\u00e3o traduz todo o caminho criativo do g\u00e9nio vision\u00e1rio holand\u00eas cujas cria\u00e7\u00f5es encantaram as mentes de cientistas e exerceram uma forte influ\u00eancia no mundo da arte. As obras-primas de Escher encantaram-nos! Aproveit\u00e1mos estar em Bel\u00e9m e demos um saltinho at\u00e9 ao imponente Mosteiro dos Jer\u00f3nimos. \u200b<\/p>\n<p><!--more--><\/p>\n<p>Estava um belo dia de Sol, a companhia era super-agrad\u00e1vel e foi&#8230;fant\u00e1stico!<\/p>\n<p><a href=\"http:\/\/www.esbb.pt\/web\/wp-content\/uploads\/2018\/03\/28584110_1883470338353061_167017359_o-C\u00f3pia.jpg\"><img loading=\"lazy\" decoding=\"async\" class=\"alignnone size-full wp-image-1886\" src=\"http:\/\/www.esbb.pt\/web\/wp-content\/uploads\/2018\/03\/28584110_1883470338353061_167017359_o-C\u00f3pia.jpg\" alt=\"\" width=\"960\" height=\"720\" srcset=\"https:\/\/www.esbb.pt\/web\/wp-content\/uploads\/2018\/03\/28584110_1883470338353061_167017359_o-C\u00f3pia.jpg 960w, https:\/\/www.esbb.pt\/web\/wp-content\/uploads\/2018\/03\/28584110_1883470338353061_167017359_o-C\u00f3pia-300x225.jpg 300w, https:\/\/www.esbb.pt\/web\/wp-content\/uploads\/2018\/03\/28584110_1883470338353061_167017359_o-C\u00f3pia-768x576.jpg 768w\" sizes=\"auto, (max-width: 960px) 100vw, 960px\" \/><\/a> <a href=\"http:\/\/www.esbb.pt\/web\/wp-content\/uploads\/2018\/03\/28584820_1883471461686282_663194989_o-C\u00f3pia.jpg\"><img loading=\"lazy\" decoding=\"async\" class=\"alignnone size-full wp-image-1887\" src=\"http:\/\/www.esbb.pt\/web\/wp-content\/uploads\/2018\/03\/28584820_1883471461686282_663194989_o-C\u00f3pia.jpg\" alt=\"\" width=\"960\" height=\"720\" srcset=\"https:\/\/www.esbb.pt\/web\/wp-content\/uploads\/2018\/03\/28584820_1883471461686282_663194989_o-C\u00f3pia.jpg 960w, https:\/\/www.esbb.pt\/web\/wp-content\/uploads\/2018\/03\/28584820_1883471461686282_663194989_o-C\u00f3pia-300x225.jpg 300w, https:\/\/www.esbb.pt\/web\/wp-content\/uploads\/2018\/03\/28584820_1883471461686282_663194989_o-C\u00f3pia-768x576.jpg 768w\" sizes=\"auto, (max-width: 960px) 100vw, 960px\" \/><\/a> <a href=\"http:\/\/www.esbb.pt\/web\/wp-content\/uploads\/2018\/03\/Escher-3.jpg\"><img loading=\"lazy\" decoding=\"async\" class=\"alignnone size-full wp-image-1888\" src=\"http:\/\/www.esbb.pt\/web\/wp-content\/uploads\/2018\/03\/Escher-3.jpg\" alt=\"\" width=\"960\" height=\"720\" srcset=\"https:\/\/www.esbb.pt\/web\/wp-content\/uploads\/2018\/03\/Escher-3.jpg 960w, https:\/\/www.esbb.pt\/web\/wp-content\/uploads\/2018\/03\/Escher-3-300x225.jpg 300w, https:\/\/www.esbb.pt\/web\/wp-content\/uploads\/2018\/03\/Escher-3-768x576.jpg 768w\" sizes=\"auto, (max-width: 960px) 100vw, 960px\" \/><\/a> <a href=\"http:\/\/www.esbb.pt\/web\/wp-content\/uploads\/2018\/03\/Esher-1.jpg\"><img loading=\"lazy\" decoding=\"async\" class=\"alignnone size-full wp-image-1889\" src=\"http:\/\/www.esbb.pt\/web\/wp-content\/uploads\/2018\/03\/Esher-1.jpg\" alt=\"\" width=\"960\" height=\"720\" srcset=\"https:\/\/www.esbb.pt\/web\/wp-content\/uploads\/2018\/03\/Esher-1.jpg 960w, https:\/\/www.esbb.pt\/web\/wp-content\/uploads\/2018\/03\/Esher-1-300x225.jpg 300w, https:\/\/www.esbb.pt\/web\/wp-content\/uploads\/2018\/03\/Esher-1-768x576.jpg 768w\" sizes=\"auto, (max-width: 960px) 100vw, 960px\" \/><\/a> <a href=\"http:\/\/www.esbb.pt\/web\/wp-content\/uploads\/2018\/03\/Ilus\u00e3o-1.jpg\"><img loading=\"lazy\" decoding=\"async\" class=\"alignnone size-full wp-image-1890\" src=\"http:\/\/www.esbb.pt\/web\/wp-content\/uploads\/2018\/03\/Ilus\u00e3o-1.jpg\" alt=\"\" width=\"960\" height=\"576\" srcset=\"https:\/\/www.esbb.pt\/web\/wp-content\/uploads\/2018\/03\/Ilus\u00e3o-1.jpg 960w, https:\/\/www.esbb.pt\/web\/wp-content\/uploads\/2018\/03\/Ilus\u00e3o-1-300x180.jpg 300w, https:\/\/www.esbb.pt\/web\/wp-content\/uploads\/2018\/03\/Ilus\u00e3o-1-768x461.jpg 768w\" sizes=\"auto, (max-width: 960px) 100vw, 960px\" \/><\/a> <a href=\"http:\/\/www.esbb.pt\/web\/wp-content\/uploads\/2018\/03\/ilus\u00e3o-3.jpg\"><img loading=\"lazy\" decoding=\"async\" class=\"alignnone size-full wp-image-1891\" src=\"http:\/\/www.esbb.pt\/web\/wp-content\/uploads\/2018\/03\/ilus\u00e3o-3.jpg\" alt=\"\" width=\"960\" height=\"576\" srcset=\"https:\/\/www.esbb.pt\/web\/wp-content\/uploads\/2018\/03\/ilus\u00e3o-3.jpg 960w, https:\/\/www.esbb.pt\/web\/wp-content\/uploads\/2018\/03\/ilus\u00e3o-3-300x180.jpg 300w, https:\/\/www.esbb.pt\/web\/wp-content\/uploads\/2018\/03\/ilus\u00e3o-3-768x461.jpg 768w\" sizes=\"auto, (max-width: 960px) 100vw, 960px\" \/><\/a><br \/>\n<a href=\"http:\/\/www.esbb.pt\/web\/wp-content\/uploads\/2018\/03\/ilus\u00e3o-14.jpg\"><img loading=\"lazy\" decoding=\"async\" class=\"alignnone size-full wp-image-1896\" src=\"http:\/\/www.esbb.pt\/web\/wp-content\/uploads\/2018\/03\/ilus\u00e3o-14.jpg\" alt=\"\" width=\"960\" height=\"576\" srcset=\"https:\/\/www.esbb.pt\/web\/wp-content\/uploads\/2018\/03\/ilus\u00e3o-14.jpg 960w, https:\/\/www.esbb.pt\/web\/wp-content\/uploads\/2018\/03\/ilus\u00e3o-14-300x180.jpg 300w, https:\/\/www.esbb.pt\/web\/wp-content\/uploads\/2018\/03\/ilus\u00e3o-14-768x461.jpg 768w\" sizes=\"auto, (max-width: 960px) 100vw, 960px\" \/><\/a>\u00a0 <a href=\"http:\/\/www.esbb.pt\/web\/wp-content\/uploads\/2018\/03\/ilus\u00e3o-10.jpg\"><img loading=\"lazy\" decoding=\"async\" class=\"alignnone size-full wp-image-1894\" src=\"http:\/\/www.esbb.pt\/web\/wp-content\/uploads\/2018\/03\/ilus\u00e3o-10.jpg\" alt=\"\" width=\"360\" height=\"600\" srcset=\"https:\/\/www.esbb.pt\/web\/wp-content\/uploads\/2018\/03\/ilus\u00e3o-10.jpg 360w, https:\/\/www.esbb.pt\/web\/wp-content\/uploads\/2018\/03\/ilus\u00e3o-10-180x300.jpg 180w\" sizes=\"auto, (max-width: 360px) 100vw, 360px\" \/><\/a> <a href=\"http:\/\/www.esbb.pt\/web\/wp-content\/uploads\/2018\/03\/ilus\u00e3o-13.jpg\"><img loading=\"lazy\" decoding=\"async\" class=\"alignnone size-full wp-image-1895\" src=\"http:\/\/www.esbb.pt\/web\/wp-content\/uploads\/2018\/03\/ilus\u00e3o-13.jpg\" alt=\"\" width=\"360\" height=\"600\" srcset=\"https:\/\/www.esbb.pt\/web\/wp-content\/uploads\/2018\/03\/ilus\u00e3o-13.jpg 360w, https:\/\/www.esbb.pt\/web\/wp-content\/uploads\/2018\/03\/ilus\u00e3o-13-180x300.jpg 180w\" sizes=\"auto, (max-width: 360px) 100vw, 360px\" \/><\/a> <a href=\"http:\/\/www.esbb.pt\/web\/wp-content\/uploads\/2018\/03\/ilus\u00e3o-5.jpg\"><img loading=\"lazy\" decoding=\"async\" class=\"alignnone size-full wp-image-1893\" src=\"http:\/\/www.esbb.pt\/web\/wp-content\/uploads\/2018\/03\/ilus\u00e3o-5.jpg\" alt=\"\" width=\"360\" height=\"600\" srcset=\"https:\/\/www.esbb.pt\/web\/wp-content\/uploads\/2018\/03\/ilus\u00e3o-5.jpg 360w, https:\/\/www.esbb.pt\/web\/wp-content\/uploads\/2018\/03\/ilus\u00e3o-5-180x300.jpg 180w\" sizes=\"auto, (max-width: 360px) 100vw, 360px\" \/><\/a><\/p>\n<p>&nbsp;<\/p>\n","protected":false},"excerpt":{"rendered":"<p>No passado dia 22 de fevereiro, 90 alunos e 6 professores da ESBB visitaram a exposi\u00e7\u00e3o de Escher no Museu Nacional de Arte Popular em Lisboa. Foi no \u00e2mbito de uma visita de estudo organizada pelos docentes de Matem\u00e1tica da ESBB. Esta exposi\u00e7\u00e3o traduz todo o caminho criativo do g\u00e9nio vision\u00e1rio holand\u00eas cujas cria\u00e7\u00f5es encantaram &#8230; <a title=\"Escher &#8211; Museu Nacional de Arte Popular em Lisboa\" class=\"read-more\" href=\"https:\/\/www.esbb.pt\/web\/2018\/03\/01\/escher-museu-nacional-de-arte-popular-em-lisboa\/\" aria-label=\"Leia mais sobre Escher &#8211; Museu Nacional de Arte Popular em Lisboa\">Ler mais<\/a><\/p>\n","protected":false},"author":1,"featured_media":1856,"comment_status":"closed","ping_status":"open","sticky":false,"template":"","format":"standard","meta":{"footnotes":""},"categories":[1],"tags":[],"class_list":["post-1854","post","type-post","status-publish","format-standard","has-post-thumbnail","hentry","category-geral"],"_links":{"self":[{"href":"https:\/\/www.esbb.pt\/web\/wp-json\/wp\/v2\/posts\/1854","targetHints":{"allow":["GET"]}}],"collection":[{"href":"https:\/\/www.esbb.pt\/web\/wp-json\/wp\/v2\/posts"}],"about":[{"href":"https:\/\/www.esbb.pt\/web\/wp-json\/wp\/v2\/types\/post"}],"author":[{"embeddable":true,"href":"https:\/\/www.esbb.pt\/web\/wp-json\/wp\/v2\/users\/1"}],"replies":[{"embeddable":true,"href":"https:\/\/www.esbb.pt\/web\/wp-json\/wp\/v2\/comments?post=1854"}],"version-history":[{"count":5,"href":"https:\/\/www.esbb.pt\/web\/wp-json\/wp\/v2\/posts\/1854\/revisions"}],"predecessor-version":[{"id":1899,"href":"https:\/\/www.esbb.pt\/web\/wp-json\/wp\/v2\/posts\/1854\/revisions\/1899"}],"wp:featuredmedia":[{"embeddable":true,"href":"https:\/\/www.esbb.pt\/web\/wp-json\/wp\/v2\/media\/1856"}],"wp:attachment":[{"href":"https:\/\/www.esbb.pt\/web\/wp-json\/wp\/v2\/media?parent=1854"}],"wp:term":[{"taxonomy":"category","embeddable":true,"href":"https:\/\/www.esbb.pt\/web\/wp-json\/wp\/v2\/categories?post=1854"},{"taxonomy":"post_tag","embeddable":true,"href":"https:\/\/www.esbb.pt\/web\/wp-json\/wp\/v2\/tags?post=1854"}],"curies":[{"name":"wp","href":"https:\/\/api.w.org\/{rel}","templated":true}]}}