{"id":1752,"date":"2018-01-12T13:03:11","date_gmt":"2018-01-12T13:03:11","guid":{"rendered":"http:\/\/www.esbb.pt\/web\/?p=1752"},"modified":"2018-01-12T13:05:16","modified_gmt":"2018-01-12T13:05:16","slug":"visita-de-estudo-mata-da-machada-03-01-2018-integrada-no-programa-ecoescolas-e-no-clube-da-ciencia-da-esbb","status":"publish","type":"post","link":"https:\/\/www.esbb.pt\/web\/2018\/01\/12\/visita-de-estudo-mata-da-machada-03-01-2018-integrada-no-programa-ecoescolas-e-no-clube-da-ciencia-da-esbb\/","title":{"rendered":"Visita de estudo &#8211; Mata da Machada, 03-01-2018, integrada no Programa EcoEscolas e no Clube da Ci\u00eancia da ESBB"},"content":{"rendered":"<p>Turmas participantes: 11\u00baCTLH, 11\u00baEAC, 12\u00baCT, CEF EMI2.<\/p>\n<p>Uma manh\u00e3 bem passada no \u00e2mbito da Educa\u00e7\u00e3o Ambiental, onde n\u00e3o faltou o passeio pela mata e o descasque das ac\u00e1cias, uma das esp\u00e9cies invasoras do local.<\/p>\n<p>Os nossos agradecimentos \u00e0 C\u00e2mara Municipal da Moita que nos transportou ao local e \u00e0 excelente equipa de t\u00e9cnicos da Mata da Machada que nos acolheu e nos proporcionou uma manh\u00e3 de novas experi\u00eancias.<\/p>\n<p><!--more--><\/p>\n<div><a href=\"http:\/\/www.esbb.pt\/web\/wp-content\/uploads\/2018\/01\/IMG_20180103_112031.jpg\"><img loading=\"lazy\" decoding=\"async\" class=\"size-full wp-image-1753 aligncenter\" src=\"http:\/\/www.esbb.pt\/web\/wp-content\/uploads\/2018\/01\/IMG_20180103_112031.jpg\" alt=\"\" width=\"960\" height=\"720\" srcset=\"https:\/\/www.esbb.pt\/web\/wp-content\/uploads\/2018\/01\/IMG_20180103_112031.jpg 960w, https:\/\/www.esbb.pt\/web\/wp-content\/uploads\/2018\/01\/IMG_20180103_112031-300x225.jpg 300w, https:\/\/www.esbb.pt\/web\/wp-content\/uploads\/2018\/01\/IMG_20180103_112031-768x576.jpg 768w\" sizes=\"auto, (max-width: 960px) 100vw, 960px\" \/><br \/>\n<\/a> <a href=\"http:\/\/www.esbb.pt\/web\/wp-content\/uploads\/2018\/01\/IMG_20180103_115437.jpg\"><img loading=\"lazy\" decoding=\"async\" class=\"size-full wp-image-1754 aligncenter\" src=\"http:\/\/www.esbb.pt\/web\/wp-content\/uploads\/2018\/01\/IMG_20180103_115437.jpg\" alt=\"\" width=\"960\" height=\"720\" srcset=\"https:\/\/www.esbb.pt\/web\/wp-content\/uploads\/2018\/01\/IMG_20180103_115437.jpg 960w, https:\/\/www.esbb.pt\/web\/wp-content\/uploads\/2018\/01\/IMG_20180103_115437-300x225.jpg 300w, https:\/\/www.esbb.pt\/web\/wp-content\/uploads\/2018\/01\/IMG_20180103_115437-768x576.jpg 768w\" sizes=\"auto, (max-width: 960px) 100vw, 960px\" \/><br \/>\n<\/a> <a href=\"http:\/\/www.esbb.pt\/web\/wp-content\/uploads\/2018\/01\/IMG_20180103_121018.jpg\"><img loading=\"lazy\" decoding=\"async\" class=\"size-full wp-image-1755 aligncenter\" src=\"http:\/\/www.esbb.pt\/web\/wp-content\/uploads\/2018\/01\/IMG_20180103_121018.jpg\" alt=\"\" width=\"960\" height=\"720\" srcset=\"https:\/\/www.esbb.pt\/web\/wp-content\/uploads\/2018\/01\/IMG_20180103_121018.jpg 960w, https:\/\/www.esbb.pt\/web\/wp-content\/uploads\/2018\/01\/IMG_20180103_121018-300x225.jpg 300w, https:\/\/www.esbb.pt\/web\/wp-content\/uploads\/2018\/01\/IMG_20180103_121018-768x576.jpg 768w\" sizes=\"auto, (max-width: 960px) 100vw, 960px\" \/><br \/>\n<\/a> <a href=\"http:\/\/www.esbb.pt\/web\/wp-content\/uploads\/2018\/01\/IMG_20180103_122020.jpg\"><img loading=\"lazy\" decoding=\"async\" class=\"size-full wp-image-1756 aligncenter\" src=\"http:\/\/www.esbb.pt\/web\/wp-content\/uploads\/2018\/01\/IMG_20180103_122020.jpg\" alt=\"\" width=\"960\" height=\"720\" srcset=\"https:\/\/www.esbb.pt\/web\/wp-content\/uploads\/2018\/01\/IMG_20180103_122020.jpg 960w, https:\/\/www.esbb.pt\/web\/wp-content\/uploads\/2018\/01\/IMG_20180103_122020-300x225.jpg 300w, https:\/\/www.esbb.pt\/web\/wp-content\/uploads\/2018\/01\/IMG_20180103_122020-768x576.jpg 768w\" sizes=\"auto, (max-width: 960px) 100vw, 960px\" \/><\/a><\/div>\n","protected":false},"excerpt":{"rendered":"<p>Turmas participantes: 11\u00baCTLH, 11\u00baEAC, 12\u00baCT, CEF EMI2. Uma manh\u00e3 bem passada no \u00e2mbito da Educa\u00e7\u00e3o Ambiental, onde n\u00e3o faltou o passeio pela mata e o descasque das ac\u00e1cias, uma das esp\u00e9cies invasoras do local. Os nossos agradecimentos \u00e0 C\u00e2mara Municipal da Moita que nos transportou ao local e \u00e0 excelente equipa de t\u00e9cnicos da Mata &#8230; <a title=\"Visita de estudo &#8211; Mata da Machada, 03-01-2018, integrada no Programa EcoEscolas e no Clube da Ci\u00eancia da ESBB\" class=\"read-more\" href=\"https:\/\/www.esbb.pt\/web\/2018\/01\/12\/visita-de-estudo-mata-da-machada-03-01-2018-integrada-no-programa-ecoescolas-e-no-clube-da-ciencia-da-esbb\/\" aria-label=\"Leia mais sobre Visita de estudo &#8211; Mata da Machada, 03-01-2018, integrada no Programa EcoEscolas e no Clube da Ci\u00eancia da ESBB\">Ler mais<\/a><\/p>\n","protected":false},"author":1,"featured_media":1757,"comment_status":"closed","ping_status":"open","sticky":false,"template":"","format":"standard","meta":{"footnotes":""},"categories":[1],"tags":[],"class_list":["post-1752","post","type-post","status-publish","format-standard","has-post-thumbnail","hentry","category-geral"],"_links":{"self":[{"href":"https:\/\/www.esbb.pt\/web\/wp-json\/wp\/v2\/posts\/1752","targetHints":{"allow":["GET"]}}],"collection":[{"href":"https:\/\/www.esbb.pt\/web\/wp-json\/wp\/v2\/posts"}],"about":[{"href":"https:\/\/www.esbb.pt\/web\/wp-json\/wp\/v2\/types\/post"}],"author":[{"embeddable":true,"href":"https:\/\/www.esbb.pt\/web\/wp-json\/wp\/v2\/users\/1"}],"replies":[{"embeddable":true,"href":"https:\/\/www.esbb.pt\/web\/wp-json\/wp\/v2\/comments?post=1752"}],"version-history":[{"count":4,"href":"https:\/\/www.esbb.pt\/web\/wp-json\/wp\/v2\/posts\/1752\/revisions"}],"predecessor-version":[{"id":1761,"href":"https:\/\/www.esbb.pt\/web\/wp-json\/wp\/v2\/posts\/1752\/revisions\/1761"}],"wp:featuredmedia":[{"embeddable":true,"href":"https:\/\/www.esbb.pt\/web\/wp-json\/wp\/v2\/media\/1757"}],"wp:attachment":[{"href":"https:\/\/www.esbb.pt\/web\/wp-json\/wp\/v2\/media?parent=1752"}],"wp:term":[{"taxonomy":"category","embeddable":true,"href":"https:\/\/www.esbb.pt\/web\/wp-json\/wp\/v2\/categories?post=1752"},{"taxonomy":"post_tag","embeddable":true,"href":"https:\/\/www.esbb.pt\/web\/wp-json\/wp\/v2\/tags?post=1752"}],"curies":[{"name":"wp","href":"https:\/\/api.w.org\/{rel}","templated":true}]}}