{"id":1724,"date":"2017-12-18T12:53:57","date_gmt":"2017-12-18T12:53:57","guid":{"rendered":"http:\/\/www.esbb.pt\/web\/?p=1724"},"modified":"2017-12-18T12:53:57","modified_gmt":"2017-12-18T12:53:57","slug":"visita-de-estudo-ao-jardim-de-infancia-do-espaco-educativo-da-baixa-da-banheira-a-voz-do-operario","status":"publish","type":"post","link":"https:\/\/www.esbb.pt\/web\/2017\/12\/18\/visita-de-estudo-ao-jardim-de-infancia-do-espaco-educativo-da-baixa-da-banheira-a-voz-do-operario\/","title":{"rendered":"Visita de estudo ao Jardim-de-Inf\u00e2ncia do Espa\u00e7o Educativo da Baixa da Banheira \u2013 A Voz do Oper\u00e1rio"},"content":{"rendered":"<p>No dia 17 de novembro, pela manh\u00e3, a turma do 11\u00ba Ano do Curso Profissional de T\u00e9cnico de Apoio \u00e0 Inf\u00e2ncia, no \u00e2mbito das disciplinas de T\u00e9cnica Pedag\u00f3gica e Interven\u00e7\u00e3o Educativa e de Express\u00e3o Corporal Dram\u00e1tica e Musical, realizou uma visita de estudo ao <strong>Jardim-de-Inf\u00e2ncia<\/strong> <strong>do Espa\u00e7o Educativo da Baixa da Banheira \u2013 A Voz do Oper\u00e1rio<\/strong>, uma institui\u00e7\u00e3o que oferece servi\u00e7os desde o ber\u00e7\u00e1rio, creche ao pr\u00e9-escolar.<\/p>\n<p>Al\u00e9m de observaram as atividades com as crian\u00e7as programadas para essa manh\u00e3, as alunas da ESBB realizaram uma pe\u00e7a de teatro de fantoches \u2013 <strong>as crian\u00e7as foram muito recetivas e participativas! <\/strong><\/p>\n<p><!--more--><\/p>\n<p>Promoveu-se assim uma disposi\u00e7\u00e3o favor\u00e1vel \u00e0 aprendizagem e \u00e0 forma\u00e7\u00e3o, e ainda a t\u00e3o desejada articula\u00e7\u00e3o entre os cursos profissionais e o mundo do trabalho.<\/p>\n<p><a href=\"http:\/\/www.esbb.pt\/web\/wp-content\/uploads\/2017\/12\/esbb_visita_voz_operario.jpg\"><img loading=\"lazy\" decoding=\"async\" class=\"size-full wp-image-1725 aligncenter\" src=\"http:\/\/www.esbb.pt\/web\/wp-content\/uploads\/2017\/12\/esbb_visita_voz_operario.jpg\" alt=\"\" width=\"960\" height=\"720\" srcset=\"https:\/\/www.esbb.pt\/web\/wp-content\/uploads\/2017\/12\/esbb_visita_voz_operario.jpg 960w, https:\/\/www.esbb.pt\/web\/wp-content\/uploads\/2017\/12\/esbb_visita_voz_operario-300x225.jpg 300w, https:\/\/www.esbb.pt\/web\/wp-content\/uploads\/2017\/12\/esbb_visita_voz_operario-768x576.jpg 768w\" sizes=\"auto, (max-width: 960px) 100vw, 960px\" \/><\/a><\/p>\n","protected":false},"excerpt":{"rendered":"<p>No dia 17 de novembro, pela manh\u00e3, a turma do 11\u00ba Ano do Curso Profissional de T\u00e9cnico de Apoio \u00e0 Inf\u00e2ncia, no \u00e2mbito das disciplinas de T\u00e9cnica Pedag\u00f3gica e Interven\u00e7\u00e3o Educativa e de Express\u00e3o Corporal Dram\u00e1tica e Musical, realizou uma visita de estudo ao Jardim-de-Inf\u00e2ncia do Espa\u00e7o Educativo da Baixa da Banheira \u2013 A Voz &#8230; <a title=\"Visita de estudo ao Jardim-de-Inf\u00e2ncia do Espa\u00e7o Educativo da Baixa da Banheira \u2013 A Voz do Oper\u00e1rio\" class=\"read-more\" href=\"https:\/\/www.esbb.pt\/web\/2017\/12\/18\/visita-de-estudo-ao-jardim-de-infancia-do-espaco-educativo-da-baixa-da-banheira-a-voz-do-operario\/\" aria-label=\"Leia mais sobre Visita de estudo ao Jardim-de-Inf\u00e2ncia do Espa\u00e7o Educativo da Baixa da Banheira \u2013 A Voz do Oper\u00e1rio\">Ler mais<\/a><\/p>\n","protected":false},"author":1,"featured_media":1726,"comment_status":"closed","ping_status":"open","sticky":false,"template":"","format":"standard","meta":{"footnotes":""},"categories":[1],"tags":[],"class_list":["post-1724","post","type-post","status-publish","format-standard","has-post-thumbnail","hentry","category-geral"],"_links":{"self":[{"href":"https:\/\/www.esbb.pt\/web\/wp-json\/wp\/v2\/posts\/1724","targetHints":{"allow":["GET"]}}],"collection":[{"href":"https:\/\/www.esbb.pt\/web\/wp-json\/wp\/v2\/posts"}],"about":[{"href":"https:\/\/www.esbb.pt\/web\/wp-json\/wp\/v2\/types\/post"}],"author":[{"embeddable":true,"href":"https:\/\/www.esbb.pt\/web\/wp-json\/wp\/v2\/users\/1"}],"replies":[{"embeddable":true,"href":"https:\/\/www.esbb.pt\/web\/wp-json\/wp\/v2\/comments?post=1724"}],"version-history":[{"count":1,"href":"https:\/\/www.esbb.pt\/web\/wp-json\/wp\/v2\/posts\/1724\/revisions"}],"predecessor-version":[{"id":1727,"href":"https:\/\/www.esbb.pt\/web\/wp-json\/wp\/v2\/posts\/1724\/revisions\/1727"}],"wp:featuredmedia":[{"embeddable":true,"href":"https:\/\/www.esbb.pt\/web\/wp-json\/wp\/v2\/media\/1726"}],"wp:attachment":[{"href":"https:\/\/www.esbb.pt\/web\/wp-json\/wp\/v2\/media?parent=1724"}],"wp:term":[{"taxonomy":"category","embeddable":true,"href":"https:\/\/www.esbb.pt\/web\/wp-json\/wp\/v2\/categories?post=1724"},{"taxonomy":"post_tag","embeddable":true,"href":"https:\/\/www.esbb.pt\/web\/wp-json\/wp\/v2\/tags?post=1724"}],"curies":[{"name":"wp","href":"https:\/\/api.w.org\/{rel}","templated":true}]}}