{"id":1717,"date":"2017-12-04T10:02:27","date_gmt":"2017-12-04T10:02:27","guid":{"rendered":"http:\/\/www.esbb.pt\/web\/?p=1717"},"modified":"2017-12-04T16:03:34","modified_gmt":"2017-12-04T16:03:34","slug":"cine-debate-nem-mais-um-minuto-de-silencio","status":"publish","type":"post","link":"https:\/\/www.esbb.pt\/web\/2017\/12\/04\/cine-debate-nem-mais-um-minuto-de-silencio\/","title":{"rendered":"CINE DEBATE \u2013 NEM MAIS UM MINUTO DE SIL\u00caNCIO"},"content":{"rendered":"<p>No dia 28 de novembro no audit\u00f3rio da ESBB, realizou-se o Cine Debate <strong>NEM MAIS UM MINUTO DE SIL\u00caNCIO<\/strong> para assinalar o Dia Mundial para a Elimina\u00e7\u00e3o da Viol\u00eancia Contra as Mulheres.<\/p>\n<p>Foi visionado o document\u00e1rio \u201cCome\u00e7ar do Zero\u201d, seguido de debate e reflex\u00e3o. Os alunos do 12\u00ba TC e 11\u00ba AIRB destacaram-se pelo seu empenho nos trabalhos realizados para a prepara\u00e7\u00e3o da atividade. A atividade foi multidisciplinar e decorreu no \u00e2mbito do projeto <strong>Fa\u00e7o (p)Arte<\/strong> promovido pela Associa\u00e7\u00e3o Mulheres sem Fronteiras.<\/p>\n<p><!--more--><\/p>\n<p>Agradecemos a todos a grande a participa\u00e7\u00e3o e interesse manifestados.<\/p>\n<p><a href=\"http:\/\/www.esbb.pt\/web\/wp-content\/uploads\/2017\/12\/cine_debate.jpg\"><img loading=\"lazy\" decoding=\"async\" class=\"size-full wp-image-1718 aligncenter\" src=\"http:\/\/www.esbb.pt\/web\/wp-content\/uploads\/2017\/12\/cine_debate.jpg\" alt=\"\" width=\"960\" height=\"720\" srcset=\"https:\/\/www.esbb.pt\/web\/wp-content\/uploads\/2017\/12\/cine_debate.jpg 960w, https:\/\/www.esbb.pt\/web\/wp-content\/uploads\/2017\/12\/cine_debate-300x225.jpg 300w, https:\/\/www.esbb.pt\/web\/wp-content\/uploads\/2017\/12\/cine_debate-768x576.jpg 768w\" sizes=\"auto, (max-width: 960px) 100vw, 960px\" \/><\/a><\/p>\n","protected":false},"excerpt":{"rendered":"<p>No dia 28 de novembro no audit\u00f3rio da ESBB, realizou-se o Cine Debate NEM MAIS UM MINUTO DE SIL\u00caNCIO para assinalar o Dia Mundial para a Elimina\u00e7\u00e3o da Viol\u00eancia Contra as Mulheres. Foi visionado o document\u00e1rio \u201cCome\u00e7ar do Zero\u201d, seguido de debate e reflex\u00e3o. Os alunos do 12\u00ba TC e 11\u00ba AIRB destacaram-se pelo seu &#8230; <a title=\"CINE DEBATE \u2013 NEM MAIS UM MINUTO DE SIL\u00caNCIO\" class=\"read-more\" href=\"https:\/\/www.esbb.pt\/web\/2017\/12\/04\/cine-debate-nem-mais-um-minuto-de-silencio\/\" aria-label=\"Leia mais sobre CINE DEBATE \u2013 NEM MAIS UM MINUTO DE SIL\u00caNCIO\">Ler mais<\/a><\/p>\n","protected":false},"author":1,"featured_media":1719,"comment_status":"closed","ping_status":"open","sticky":false,"template":"","format":"standard","meta":{"footnotes":""},"categories":[1],"tags":[],"class_list":["post-1717","post","type-post","status-publish","format-standard","has-post-thumbnail","hentry","category-geral"],"_links":{"self":[{"href":"https:\/\/www.esbb.pt\/web\/wp-json\/wp\/v2\/posts\/1717","targetHints":{"allow":["GET"]}}],"collection":[{"href":"https:\/\/www.esbb.pt\/web\/wp-json\/wp\/v2\/posts"}],"about":[{"href":"https:\/\/www.esbb.pt\/web\/wp-json\/wp\/v2\/types\/post"}],"author":[{"embeddable":true,"href":"https:\/\/www.esbb.pt\/web\/wp-json\/wp\/v2\/users\/1"}],"replies":[{"embeddable":true,"href":"https:\/\/www.esbb.pt\/web\/wp-json\/wp\/v2\/comments?post=1717"}],"version-history":[{"count":1,"href":"https:\/\/www.esbb.pt\/web\/wp-json\/wp\/v2\/posts\/1717\/revisions"}],"predecessor-version":[{"id":1720,"href":"https:\/\/www.esbb.pt\/web\/wp-json\/wp\/v2\/posts\/1717\/revisions\/1720"}],"wp:featuredmedia":[{"embeddable":true,"href":"https:\/\/www.esbb.pt\/web\/wp-json\/wp\/v2\/media\/1719"}],"wp:attachment":[{"href":"https:\/\/www.esbb.pt\/web\/wp-json\/wp\/v2\/media?parent=1717"}],"wp:term":[{"taxonomy":"category","embeddable":true,"href":"https:\/\/www.esbb.pt\/web\/wp-json\/wp\/v2\/categories?post=1717"},{"taxonomy":"post_tag","embeddable":true,"href":"https:\/\/www.esbb.pt\/web\/wp-json\/wp\/v2\/tags?post=1717"}],"curies":[{"name":"wp","href":"https:\/\/api.w.org\/{rel}","templated":true}]}}